{"id":9284,"date":"2020-07-23T13:37:16","date_gmt":"2020-07-23T16:37:16","guid":{"rendered":"https:\/\/hostnetart.com.br\/baixada\/banco-do-brasil-insiste-em-colocar-funcionarios-e-seus-parentes-em-risco\/"},"modified":"2020-07-23T13:37:16","modified_gmt":"2020-07-23T16:37:16","slug":"banco-do-brasil-insiste-em-colocar-funcionarios-e-seus-parentes-em-risco","status":"publish","type":"post","link":"https:\/\/hostnetart.com.br\/baixada\/banco-do-brasil-insiste-em-colocar-funcionarios-e-seus-parentes-em-risco\/","title":{"rendered":"Banco do Brasil insiste em colocar funcion\u00e1rios e seus parentes em risco"},"content":{"rendered":"<p>Em reuni\u00e3o realizada nesta quarta-feira (22), por videoconfer\u00eancia, com a Comiss\u00e3o de Empresa dos Funcion\u00e1rios do Banco do Brasil (CEBB), o banco confirmou que foi uma\u00a0<a href=\"https:\/\/contrafcut.com.br\/comunicado-a-gerentes-21-07-2020-10h\/\" target=\"_blank\" rel=\"noopener noreferrer\">op\u00e7\u00e3o administrativa<\/a>\u00a0a determina\u00e7\u00e3o de \u201cfuncion\u00e1rio com autodeclara\u00e7\u00e3o de coabita\u00e7\u00e3o (com pessoas que fazem parte de grupos de risco da Covid-19) passa a se enquadrar nas formas de trabalho dispon\u00edveis, como os demais funcion\u00e1rios do banco que n\u00e3o perten\u00e7am ao grupo de risco, a partir de 27\/07\/2020\u201d, n\u00e3o tendo nenhuma rela\u00e7\u00e3o com o\u00a0<a href=\"https:\/\/contrafcut.com.br\/act-covid-19-minuta-final-contraf-16-07\/\" target=\"_blank\" rel=\"noopener noreferrer\">Acordo Coletivo de Trabalho (ACT) Emergencial (Covid-19)<\/a>.<\/p>\n<p>O banco disse que n\u00e3o vai rever a medida, mas que o comunicado n\u00e3o implica na convoca\u00e7\u00e3o de todos os funcion\u00e1rios que coabitam com pessoas de risco \u00e0 Covid-19 para retomarem o trabalho presencial e que, se gestores assim o fizeram \u00e9 por terem entendido errado a mensagem, ou por estarem necessitando de pessoal para realizar os trabalhos presenciais. O banco possui 11.662 funcion\u00e1rios que se autodeclararam como coabitantantes com pessoas de grupos de risco que podem ser atingidos.<\/p>\n<p>\u201cO Banco do Brasil \u00e9 o \u00fanico banco do pa\u00eds que decidiu recolocar estes funcion\u00e1rios como aptos para o trabalho presencial. O banco precisa ter a ci\u00eancia de que pode estar colocando a vida de familiares de seus funcion\u00e1rios em risco e, caso haja alguma morte destas pessoas, tanto o banco quanto o gestor que tomou essas decis\u00e3o poder\u00e1 ser apontado como respons\u00e1vel pela morte\u201d, observou o coordenador da CEBB, Jo\u00e3o Fukunaga.<\/p>\n<p>Segundo o coordenador da CEBB, \u00e9 o Governo Federal, como controlador do Banco do Brasil, que pressiona pela aplica\u00e7\u00e3o da\u00a0<a href=\"http:\/\/www.in.gov.br\/en\/web\/dou\/-\/portaria-conjunta-n-20-de-18-de-junho-de-2020-262408085\" target=\"_blank\" rel=\"noopener noreferrer\">Portaria Conjunta n\u00ba 20<\/a>, de 18\/06\/2020, do Minist\u00e9rio da Economia\/Secretaria Especial de Previd\u00eancia e Trabalho e Minist\u00e9rio da Sa\u00fade, que altera a caracteriza\u00e7\u00e3o dos grupos de risco.<\/p>\n<h3><strong>Retrata\u00e7\u00e3o<\/strong><\/h3>\n<p>Os representantes dos funcion\u00e1rios cobraram do Banco Brasil uma retrata\u00e7\u00e3o por alguns gestores terem afirmado que a medida estava respaldada no ACT Emergencial da Covid-19.<\/p>\n<p>\u201cDiversos gestores fizeram tal afirma\u00e7\u00e3o, mas n\u00e3o h\u00e1 nada no nosso acordo sobre isso\u201d, disse Fukunaga.<\/p>\n<p>Ainda durante a reuni\u00e3o a Diretoria de Pessoas Regional de S\u00e3o Paulo fez uma retra\u00e7\u00e3o sobre o equ\u00edvoco e encaminhou ao gestor que mandou mensagem aos funcion\u00e1rios fazendo tal afirma\u00e7\u00e3o.<\/p>\n<h3><strong>Defini\u00e7\u00e3o da data<\/strong><\/h3>\n<p>Outro ponto de questionamento foi a defini\u00e7\u00e3o do dia 27 para o retorno ao trabalho.<\/p>\n<p>\u201cN\u00e3o achamos que \u00e9 momento de promover o retorno ao trabalho presencial. Vemos os gr\u00e1ficos de cont\u00e1gio e mortes aumentando em todos os lugares onde houve flexibiliza\u00e7\u00e3o das medidas de controle da doen\u00e7a. Por isso, quer\u00edamos entender quais os crit\u00e9rios foram levados em considera\u00e7\u00e3o para a defini\u00e7\u00e3o do dia 27 de julho para que isso aconte\u00e7a\u201d, ressaltou a representante da Federa\u00e7\u00e3o dos Trabalhadores do Ramo Financeiro de Minas Gerais (Fetrafi\/MG), Luciana Bagno. \u201cNenhuma das explica\u00e7\u00f5es trazidas pelo banco s\u00e3o justific\u00e1veis\u201d, completou.<\/p>\n<p>O banco afirmou que resolveu deixar uma semana para que as pessoas pudessem encontrar alguma forma para n\u00e3o colocar as pessoas que moram com elas em risco.<\/p>\n<p>\u201cN\u00e3o \u00e9 poss\u00edvel que o banco acredite que as pessoas consigam resolver em uma semana o que o pa\u00eds n\u00e3o conseguiu resolver desde o in\u00edcio da pandemia. Esta data precisa ser revista. \u00c9 preciso levar em conta a situa\u00e7\u00e3o do pa\u00eds. \u00c9 preciso levar em conta, tamb\u00e9m, que existem pessoas possuem filhos em idade escolar e as escolas n\u00e3o voltaram a funcionar. \u00c9 preciso levar em conta que em algumas cidades nem o transporte coletivo est\u00e1 funcionando. Como as pessoas que dependem do transporte p\u00fablico voltar\u00e3o a trabalhar presencialmente?\u201d, questionou Luiz Toniolo, da Fetrafi\/SC, ao lembrar que o governo de Santa Catarina suspendeu a circula\u00e7\u00e3o \u00f4nibus no estado.<\/p>\n<h3>Resultados<\/h3>\n<p>Os representantes do Banco do Brasil disseram que fariam uma nova reuni\u00e3o com os gestores para deixar claro que a medida trata-se de op\u00e7\u00e3o administrativa do banco e n\u00e3o tem nenhuma rela\u00e7\u00e3o com o ACT Emergencial (Covid-19) e que al\u00e9m do trabalho presencial existem outras op\u00e7\u00f5es para que os funcion\u00e1rios cumpram seu expediente, inclusive a manuten\u00e7\u00e3o do home office. Tamb\u00e9m fariam uma reuni\u00e3o para ver se h\u00e1 a possibilidade da emiss\u00e3o de um novo comunicado esclarecendo estes pontos e para verificar se existe a possibilidade de altera\u00e7\u00e3o, ou suspens\u00e3o da data de retomada do trabalho presencial, sem se comprometer nem com a emiss\u00e3o de um novo comunicado, nem com a suspens\u00e3o ou altera\u00e7\u00e3o da data, mas que tentaria realizar a reuni\u00e3o ainda nesta quarta para dar a resposta \u00e0 representa\u00e7\u00e3o dos funcion\u00e1rios o quanto antes.<\/p>\n<p><strong>Fonte: Contraf-CUT<\/strong><\/p>\n","protected":false},"excerpt":{"rendered":"<p>Em reuni\u00e3o realizada nesta quarta-feira (22), por videoconfer\u00eancia, com a Comiss\u00e3o de Empresa dos Funcion\u00e1rios do Banco do Brasil (CEBB), o banco confirmou que foi uma\u00a0op\u00e7\u00e3o administrativa\u00a0a determina\u00e7\u00e3o de \u201cfuncion\u00e1rio com autodeclara\u00e7\u00e3o de coabita\u00e7\u00e3o (com pessoas que fazem parte de grupos de risco da Covid-19) passa a se enquadrar nas formas de trabalho dispon\u00edveis, como [&hellip;]<\/p>\n","protected":false},"author":2,"featured_media":9283,"comment_status":"","ping_status":"","sticky":false,"template":"","format":"standard","meta":{"footnotes":""},"categories":[3],"tags":[],"class_list":["post-9284","post","type-post","status-publish","format-standard","has-post-thumbnail","hentry","category-noticias"],"_links":{"self":[{"href":"https:\/\/hostnetart.com.br\/baixada\/wp-json\/wp\/v2\/posts\/9284","targetHints":{"allow":["GET"]}}],"collection":[{"href":"https:\/\/hostnetart.com.br\/baixada\/wp-json\/wp\/v2\/posts"}],"about":[{"href":"https:\/\/hostnetart.com.br\/baixada\/wp-json\/wp\/v2\/types\/post"}],"author":[{"embeddable":true,"href":"https:\/\/hostnetart.com.br\/baixada\/wp-json\/wp\/v2\/users\/2"}],"replies":[{"embeddable":true,"href":"https:\/\/hostnetart.com.br\/baixada\/wp-json\/wp\/v2\/comments?post=9284"}],"version-history":[{"count":0,"href":"https:\/\/hostnetart.com.br\/baixada\/wp-json\/wp\/v2\/posts\/9284\/revisions"}],"wp:featuredmedia":[{"embeddable":true,"href":"https:\/\/hostnetart.com.br\/baixada\/wp-json\/wp\/v2\/media\/9283"}],"wp:attachment":[{"href":"https:\/\/hostnetart.com.br\/baixada\/wp-json\/wp\/v2\/media?parent=9284"}],"wp:term":[{"taxonomy":"category","embeddable":true,"href":"https:\/\/hostnetart.com.br\/baixada\/wp-json\/wp\/v2\/categories?post=9284"},{"taxonomy":"post_tag","embeddable":true,"href":"https:\/\/hostnetart.com.br\/baixada\/wp-json\/wp\/v2\/tags?post=9284"}],"curies":[{"name":"wp","href":"https:\/\/api.w.org\/{rel}","templated":true}]}}