{"id":9282,"date":"2020-07-23T13:32:34","date_gmt":"2020-07-23T16:32:34","guid":{"rendered":"https:\/\/hostnetart.com.br\/baixada\/consulta-mostra-aumento-real-manutencao-de-direitos-e-defesa-da-saude-como-prioridades-da-categoria\/"},"modified":"2020-07-23T13:32:34","modified_gmt":"2020-07-23T16:32:34","slug":"consulta-mostra-aumento-real-manutencao-de-direitos-e-defesa-da-saude-como-prioridades-da-categoria","status":"publish","type":"post","link":"https:\/\/hostnetart.com.br\/baixada\/consulta-mostra-aumento-real-manutencao-de-direitos-e-defesa-da-saude-como-prioridades-da-categoria\/","title":{"rendered":"Consulta mostra aumento real, manuten\u00e7\u00e3o de direitos e defesa da sa\u00fade como prioridades da categoria"},"content":{"rendered":"<p>Aumento real de sal\u00e1rios, manuten\u00e7\u00e3o dos direitos nos acordos, melhores condi\u00e7\u00f5es de trabalho e defesa da sa\u00fade est\u00e3o entre as prioridades de banc\u00e1rias e banc\u00e1rios listadas na Consulta Nacional aos Banc\u00e1rios, que serviu de base para a defini\u00e7\u00e3o da minuta de reivindica\u00e7\u00f5es a ser entregue nesta quinta-feira (23) \u00e0 Federa\u00e7\u00e3o Nacional dos Bancos (Fenaban). A consulta foi realizada com quase 30 mil trabalhadores.<\/p>\n<h2><span style=\"text-decoration: underline;\">Prioridades<\/span><\/h2>\n<p>Quando a pergunta feita a banc\u00e1rias e banc\u00e1rios sobre qual a prioridade nas cl\u00e1usulas econ\u00f4micas, a resposta mais frequente foi o aumento real de sal\u00e1rio, opini\u00e3o de 71% dos entrevistados. Os consultados poderiam apontar duas prioridades. Em segundo lugar vem a garantia do Plano de Cargos e Sal\u00e1rios (PCS), com 37,8%. O aumento da PLR (participa\u00e7\u00e3o nos Lucros e Resultados) teve 30,6% das respostas, enquanto que o aumento do piso registrou 30,2%.<\/p>\n<p>Quando se passa para as cl\u00e1usulas sociais, a resposta mais frequente foi a manuten\u00e7\u00e3o dos direitos, com 79,7% das respostas. Defesa da sa\u00fade e melhores condi\u00e7\u00f5es de trabalho vem em seguida, com 69,1%. Defesa do emprego obteve 21,7% e o combate ao ass\u00e9dio moral outros 8%. Igualdade de oportunidades registrou 6,4% das respostas e a reposi\u00e7\u00e3o dos custos do teletrabalho outros 3,4%, enquanto a Previd\u00eancia complementar teve 2,9%. A defesa dos bancos p\u00fablicos, contra a privatiza\u00e7\u00e3o dessas institui\u00e7\u00f5es, \u00e9 considerada muito importante para 78,9% dos entrevistados. Outros 13,8% consideram importante essa luta.<\/p>\n<h2><span style=\"text-decoration: underline;\">Sa\u00fade<\/span><\/h2>\n<p>A quest\u00e3o da defesa da sa\u00fade no trabalho apareceu em diferentes perguntas. Quando se questiona qual o impacto da cobran\u00e7a excessiva pelo cumprimento das metas, mais da metade dos entrevistados respondeu que era o cansa\u00e7o e a fadiga constante (54,1%). Os consultados poderiam apontar quantos impactos quisessem. Crise de ansiedade foi apontada por 51,6% das respostas, enquanto que a desmotiva\u00e7\u00e3o com vontade de n\u00e3o ir trabalhar registrou 42,3% dos apontamentos. Dificuldade para dormir, mesmo em finais de semana foi o impacto apontado em 39,3% das respostas.<\/p>\n<p>Tamb\u00e9m aparecem como consequ\u00eancias das metas abusivas o medo de \u201cestourar\u201d ou perder a cabe\u00e7a (25,6%); crises constantes de dor de cabe\u00e7a (24,2%); dores de est\u00f4mago e gastrite (24,1%), al\u00e9m de dor ou formigamento em bra\u00e7os e m\u00e3os (23,9%). Tamb\u00e9m houve 22,9% das respostas que apontavam a preocupa\u00e7\u00e3o permanente com o trabalho como impacto das metas abusivas. Foi registrada 21,7% de respostas para apontar como resultado da pr\u00e1tica abusiva a vontade de chorar sem motivo aparente. Mais de um ter\u00e7o das respostas (35%) foi de que tiveram de recorrer a antidepressivos, ansiol\u00edticos ou estimulantes para se medicarem.<\/p>\n<p>Quase metade dos entrevistados (44,2%) disseram que n\u00e3o sabem se contra\u00edram o v\u00edrus da Covid 19. Outros 51% afirmaram que n\u00e3o contra\u00edram, enquanto que 3% disseram que contra\u00edram o v\u00edrus e 1,8% que teriam contra\u00eddo, embora n\u00e3o tivessem feito o teste.<\/p>\n<h2><span style=\"text-decoration: underline;\">Minuta<\/span><\/h2>\n<p>A entrega da minuta de reivindica\u00e7\u00f5es nesta quinta-feira (23) ser\u00e1 entregue pelos membros do Comando Nacional dos Banc\u00e1rios para os representantes dos bancos na Comiss\u00e3o de Negocia\u00e7\u00e3o da Federa\u00e7\u00e3o Nacional dos Bancos (Fenaban). A reuni\u00e3o ocorrer\u00e1 a partir das 14h30 e se dar\u00e1 atrav\u00e9s do sistema de videoconfer\u00eancia Zoom. A minuta foi aprovada na Confer\u00eancia Nacional dos Banc\u00e1rios. O documento tamb\u00e9m foi aprovado em assembleias sindicais da categoria banc\u00e1ria em todo o Brasil.<\/p>\n<p><strong>Fonte: Contraf-CUT<\/strong><\/p>\n","protected":false},"excerpt":{"rendered":"<p>Aumento real de sal\u00e1rios, manuten\u00e7\u00e3o dos direitos nos acordos, melhores condi\u00e7\u00f5es de trabalho e defesa da sa\u00fade est\u00e3o entre as prioridades de banc\u00e1rias e banc\u00e1rios listadas na Consulta Nacional aos Banc\u00e1rios, que serviu de base para a defini\u00e7\u00e3o da minuta de reivindica\u00e7\u00f5es a ser entregue nesta quinta-feira (23) \u00e0 Federa\u00e7\u00e3o Nacional dos Bancos (Fenaban). A [&hellip;]<\/p>\n","protected":false},"author":2,"featured_media":9281,"comment_status":"","ping_status":"","sticky":false,"template":"","format":"standard","meta":{"footnotes":""},"categories":[3],"tags":[],"class_list":["post-9282","post","type-post","status-publish","format-standard","has-post-thumbnail","hentry","category-noticias"],"_links":{"self":[{"href":"https:\/\/hostnetart.com.br\/baixada\/wp-json\/wp\/v2\/posts\/9282","targetHints":{"allow":["GET"]}}],"collection":[{"href":"https:\/\/hostnetart.com.br\/baixada\/wp-json\/wp\/v2\/posts"}],"about":[{"href":"https:\/\/hostnetart.com.br\/baixada\/wp-json\/wp\/v2\/types\/post"}],"author":[{"embeddable":true,"href":"https:\/\/hostnetart.com.br\/baixada\/wp-json\/wp\/v2\/users\/2"}],"replies":[{"embeddable":true,"href":"https:\/\/hostnetart.com.br\/baixada\/wp-json\/wp\/v2\/comments?post=9282"}],"version-history":[{"count":0,"href":"https:\/\/hostnetart.com.br\/baixada\/wp-json\/wp\/v2\/posts\/9282\/revisions"}],"wp:featuredmedia":[{"embeddable":true,"href":"https:\/\/hostnetart.com.br\/baixada\/wp-json\/wp\/v2\/media\/9281"}],"wp:attachment":[{"href":"https:\/\/hostnetart.com.br\/baixada\/wp-json\/wp\/v2\/media?parent=9282"}],"wp:term":[{"taxonomy":"category","embeddable":true,"href":"https:\/\/hostnetart.com.br\/baixada\/wp-json\/wp\/v2\/categories?post=9282"},{"taxonomy":"post_tag","embeddable":true,"href":"https:\/\/hostnetart.com.br\/baixada\/wp-json\/wp\/v2\/tags?post=9282"}],"curies":[{"name":"wp","href":"https:\/\/api.w.org\/{rel}","templated":true}]}}