{"id":928,"date":"2014-04-01T00:00:00","date_gmt":"2014-04-01T03:00:00","guid":{"rendered":"https:\/\/hostnetart.com.br\/baixada\/mesmo-com-criticas-a-modelo-atual-brasileiros-querem-mais-democracia\/"},"modified":"2014-04-01T00:00:00","modified_gmt":"2014-04-01T03:00:00","slug":"mesmo-com-criticas-a-modelo-atual-brasileiros-querem-mais-democracia","status":"publish","type":"post","link":"https:\/\/hostnetart.com.br\/baixada\/mesmo-com-criticas-a-modelo-atual-brasileiros-querem-mais-democracia\/","title":{"rendered":"Mesmo com cr\u00edticas a modelo atual, brasileiros querem mais democracia"},"content":{"rendered":"<p>Apesar de os valores democr\u00e1ticos serem considerados inquestion\u00e1veis, como a liberdade e o respeito \u00e0s opini\u00f5es individuais, pesquisas de diversos institutos mostram que uma parte consider\u00e1vel da popula\u00e7\u00e3o brasileira n\u00e3o percebe plenamente os benef\u00edcios econ\u00f4micos e sociais da democracia. Realizado anualmente em v\u00e1rios pa\u00edses da Am\u00e9rica Latina, estudo coordenado pelo Latinobar\u00f3metro aponta que o Brasil tem a segunda menor taxa de apoio \u00e0 democracia, perdendo apenas para a Guatemala.<\/p>\n<p>Cidad\u00e3os de 18 pa\u00edses latino-americanos tiveram de responder com qual frase mais concordavam: a democracia \u00e9 prefer\u00edvel a qualquer outra forma de governo; em algumas circunst\u00e2ncias, um governo autorit\u00e1rio pode ser prefer\u00edvel a um democr\u00e1tico; tanto faz, um regime democr\u00e1tico e um n\u00e3o democr\u00e1tico d\u00e1 no mesmo. Na m\u00e9dia das pesquisas entre 1995 e 2013, 44% dos brasileiros dizem que a democracia \u00e9 a melhor escolha. Para 19%, um governo autorit\u00e1rio pode ser prefer\u00edvel em certas circunst\u00e2ncias e, para 24%, n\u00e3o faz diferen\u00e7a. O restante n\u00e3o respondeu.<\/p>\n<p>No Uruguai, pa\u00eds com a maior m\u00e9dia de apoio \u00e0 democracia, 78% dizem preferir um sistema democr\u00e1tico; 15% defendem o autoritarismo e 10% s\u00e3o indiferentes. O Brasil perde apenas para a Guatemala, onde apenas 38% preferem a democracia a qualquer outro tipo de governo.<\/p>\n<p>A democracia foi uma das principais conquistas pol\u00edticas do Brasil no s\u00e9culo 20. Em 1984, ainda sob regime militar, milh\u00f5es de brasileiros participaram de com\u00edcios, passeatas e outras manifesta\u00e7\u00f5es p\u00fablicas, em v\u00e1rias capitais, no movimento Diretas J\u00e1!, que reivindicava elei\u00e7\u00f5es diretas no Brasil. Em 2013, quase 30 anos depois da reinstala\u00e7\u00e3o do sistema democr\u00e1tico no pa\u00eds, as ruas foram novamente ocupadas por milh\u00f5es de manifestantes reivindicando, na avalia\u00e7\u00e3o de diversos especialistas, mais voz e avan\u00e7o da democracia brasileira.<\/p>\n<p><strong>Mais democracia<\/strong><\/p>\n<p>Para especialistas ouvidos pela Ag\u00eancia Brasil, os brasileiros est\u00e3o insatisfeitos com o funcionamento do regime no pa\u00eds. Em outras palavras, \u201cquerem mais democracia\u201d. O cientista pol\u00edtico Jos\u00e9 \u00c1lvaro Mois\u00e9s, coordenador do N\u00facleo de Pesquisas em Pol\u00edticas P\u00fablicas (NUPPS) da Universidade de S\u00e3o Paulo (USP) e autor do livro A Desconfian\u00e7a Pol\u00edtica e Seus Impactos na Qualidade da Democracia, diz que o grau de descren\u00e7a em rela\u00e7\u00e3o \u00e0s principais institui\u00e7\u00f5es da democracia representativa \u00e9 muito elevado.<\/p>\n<p>\u201cNo caso dos partidos pol\u00edticos, nada menos do que 82% da popula\u00e7\u00e3o desconfiam deles, e, no caso do Congresso Nacional, 79%, pelas minhas pesquisas\u201d, destaca Mois\u00e9s. Embora a descren\u00e7a no Judici\u00e1rio seja menor, a sensa\u00e7\u00e3o de injusti\u00e7a \u00e9 alta. \u201cAproximadamente 90% dos entrevistados de todos os segmentos sociais, regi\u00f5es do pa\u00eds, classe, sexo, etnia e religiosidade, consideram que a lei n\u00e3o trata os cidad\u00e3os de maneira igual, e quase 80% consideram que o acesso dos brasileiros \u00e0 Justi\u00e7a \u00e9 desigual, que n\u00e3o h\u00e1 oportunidades iguais de acesso.\u201d<\/p>\n<p>O cientista pol\u00edtico acredita que as mesmas quest\u00f5es levantadas nas pesquisas tamb\u00e9m apareceram, de certa forma, nas manifesta\u00e7\u00f5es de junho e julho de 2013, que levaram cerca de 2 milh\u00f5es de pessoas a protestar nas ruas. \u201cMuitos manifestantes chamaram a aten\u00e7\u00e3o para o vazio dos partidos pol\u00edticos e, no caso do Parlamento, n\u00e3o foi \u00e0 toa que houve tentativas de invas\u00e3o \u00e0s c\u00e2maras de Vereadores e assembleias legislativas em alguns estados e at\u00e9 do Congresso Nacional\u201d.<\/p>\n<p>Segundo o soci\u00f3logo e professor da Universidade de Bras\u00edlia (UnB) Eurico Cursino, o cidad\u00e3o brasileiro n\u00e3o tem voca\u00e7\u00e3o para viver calado, com medo, e, portanto, n\u00e3o contesta a democracia como valor cultural na sociedade, como direito de pensar e se expressar livremente. No entanto, como expressam as pesquisas e as manifesta\u00e7\u00f5es populares, h\u00e1 uma cr\u00edtica clara em rela\u00e7\u00e3o \u00e0 democracia como \u201cregra da disputa pol\u00edtica, da luta pelos cargos do Estado e tomada de decis\u00f5es\u201d.<\/p>\n<p>O diretor-geral do Instituto Brasileiro de Rela\u00e7\u00f5es Internacionais (Ibri), Pio Penna Filho, destaca que o regime democr\u00e1tico \u00e9 prefer\u00edvel \u201cmesmo quando pensamos em uma democracia cara e ineficiente como a brasileira\u201d porque as pessoas podem participar, de alguma forma, das decis\u00f5es do Estado. Mas ela, sozinha, n\u00e3o basta. \u201cVemos um mundo pol\u00edtico muito desvinculado da sociedade, a classe pol\u00edtica brasileira perde a no\u00e7\u00e3o do compromisso social e isso desvaloriza a democracia\u201d, avalia.<\/p>\n<p>O economista do Instituto de Pesquisa Econ\u00f4mica Aplicada (Ipea) Jos\u00e9 Ronaldo Souza acredita que uma democracia equilibrada oferece melhores condi\u00e7\u00f5es para que um pa\u00eds receba investimentos. \u201cA democracia \u00e9 boa para gerar crescimento econ\u00f4mico \u00e0 medida que, dado o sistema de pesos e contrapesos, permite que os investidores tenham seguran\u00e7a maior do que com um grupo pol\u00edtico isolado que se apodera do governo\u201d.<\/p>\n<p>Os especialistas afirmam que a democracia brasileira sofre as consequ\u00eancias da falta de proatividade das elites pol\u00edticas em rela\u00e7\u00e3o \u00e0 sociedade e dos cidad\u00e3os, eleitores, em rela\u00e7\u00e3o \u00e0 classe pol\u00edtica. Cursino defende que alguns fatores hist\u00f3ricos fazem com que os brasileiros n\u00e3o se vejam como cidad\u00e3os respons\u00e1veis pelo governo do pa\u00eds, colocando-se em uma posi\u00e7\u00e3o passiva na maior parte do tempo.<\/p>\n<p>\u201cAs funda\u00e7\u00f5es da sociedade s\u00e3o de cima para baixo. A sociedade carece de bases comunit\u00e1rias que tenham servido de alicerce para a forma\u00e7\u00e3o de institui\u00e7\u00f5es pol\u00edticas. As institui\u00e7\u00f5es pol\u00edticas v\u00eam sempre de cima para baixo e existe uma vida comunit\u00e1ria desconectada das institui\u00e7\u00f5es pol\u00edticas\u201d, explica Cursino, o que faz com que os cidad\u00e3os que se tornam conscientes de seus direitos estejam, nessa estrutura, \u201csociologicamente isolados\u201d.<\/p>\n<p>Os n\u00edveis de associativismo da popula\u00e7\u00e3o brasileira em sindicatos, partidos pol\u00edticos, conselhos de sa\u00fade e or\u00e7amento participativo, associa\u00e7\u00f5es de moradores e de pais e mestres ficam em torno de 2%. Para o soci\u00f3logo, essas rela\u00e7\u00f5es representam democracia de baixo para cima e, na medida em que se tornam densas o suficiente, t\u00eam for\u00e7a para influenciar no jogo democr\u00e1tico, ampliando a participa\u00e7\u00e3o do povo nas decis\u00f5es. \u201cIsso falta brutalmente na nossa sociedade\u201d.<\/p>\n<p>Apesar dessa relativa passividade, Mois\u00e9s avalia que uma s\u00e9rie de exemplos nas d\u00e9cadas recentes mostram que, quando se abre a estrutura de oportunidades para a participa\u00e7\u00e3o das pessoas, elas tendem a utiliz\u00e1-la, e cita as mobiliza\u00e7\u00f5es de trabalhadores na regi\u00e3o do ABC paulista, no final da d\u00e9cada de 1970, as Diretas J\u00e1!, na d\u00e9cada de 1980, o impeachment presidencial, na d\u00e9cada de 1990, e as manifesta\u00e7\u00f5es do ano passado.<\/p>\n<p>\u201cNenhum governo abriu grandes mecanismos de participa\u00e7\u00e3o para a popula\u00e7\u00e3o. Todos os presidentes eleitos de 1988 para c\u00e1, sem exce\u00e7\u00e3o, mencionaram a reforma pol\u00edtica no discurso de posse e nenhum a fez\u201d, critica o cientista pol\u00edtico, destacando que h\u00e1 poucas iniciativas de baixo para cima, como as leis da Ficha Limpa e da Improbidade Administrativa, ambas de iniciativa popular, e nenhuma de cima para baixo.<\/p>\n<p>O historiador Rodrigo Patto S\u00e1 Motta, professor da Universidade Federal de Minas Gerais (UFMG), pontua que \u00e9 preciso haver movimentos convergentes, com mudan\u00e7a de comportamento das lideran\u00e7as pol\u00edticas e maior participa\u00e7\u00e3o dos cidad\u00e3os. \u201cSe os eleitores punissem mais os pol\u00edticos que se comportam mal, n\u00e3o votando neles, os pol\u00edticos se sentiriam pressionados. Mas os pol\u00edticos tamb\u00e9m n\u00e3o precisam esperar isso e poderiam cuidar de punir seus colegas parlamentares que, por exemplo, usem mal os recurso p\u00fablicos.\u201d<\/p>\n<p>Apesar de todas as cr\u00edticas, as manifesta\u00e7\u00f5es recentes, na maior parte formada por jovens que n\u00e3o viveram o regime militar no Brasil, n\u00e3o questionam a import\u00e2ncia do regime democr\u00e1tico. Ao contr\u00e1rio, pedem \u201cmais democracia\u201d. Segundo Mois\u00e9s, apesar de n\u00e3o estarem perto do desejado, os indicadores sociais melhoraram muito desde o fim da ditadura.<\/p>\n<p>Ele destaca ainda que as elei\u00e7\u00f5es n\u00e3o bastam para a exist\u00eancia da democracia e que as manifesta\u00e7\u00f5es populares devem pautar a campanha deste ano. \u201cVai ser inevit\u00e1vel, a meu ju\u00edzo, que na campanha eleitoral deste ano esses temas apare\u00e7am no debate p\u00fablico. Os candidatos v\u00e3o ser for\u00e7ados a falar sobre isso. Ser\u00e3o tanto mais for\u00e7ados quanto mais a m\u00eddia, o jornalismo cr\u00edtico, a comunica\u00e7\u00e3o por meio das redes sociais, cobrarem dos candidatos que se manifestem sobre o que querem fazer e como.\u201d<\/p>\n<p>Fonte: Ag\u00eancia Brasil<\/p>\n","protected":false},"excerpt":{"rendered":"<p>Apesar de os valores democr\u00e1ticos serem considerados inquestion\u00e1veis, como a liberdade e o respeito \u00e0s opini\u00f5es individuais, pesquisas de diversos institutos mostram que uma parte consider\u00e1vel da popula\u00e7\u00e3o brasileira n\u00e3o percebe plenamente os benef\u00edcios econ\u00f4micos e sociais da democracia. Realizado anualmente em v\u00e1rios pa\u00edses da Am\u00e9rica Latina, estudo coordenado pelo Latinobar\u00f3metro aponta que o Brasil [&hellip;]<\/p>\n","protected":false},"author":1,"featured_media":0,"comment_status":"","ping_status":"","sticky":false,"template":"","format":"standard","meta":{"footnotes":""},"categories":[3],"tags":[],"class_list":["post-928","post","type-post","status-publish","format-standard","hentry","category-noticias"],"_links":{"self":[{"href":"https:\/\/hostnetart.com.br\/baixada\/wp-json\/wp\/v2\/posts\/928","targetHints":{"allow":["GET"]}}],"collection":[{"href":"https:\/\/hostnetart.com.br\/baixada\/wp-json\/wp\/v2\/posts"}],"about":[{"href":"https:\/\/hostnetart.com.br\/baixada\/wp-json\/wp\/v2\/types\/post"}],"author":[{"embeddable":true,"href":"https:\/\/hostnetart.com.br\/baixada\/wp-json\/wp\/v2\/users\/1"}],"replies":[{"embeddable":true,"href":"https:\/\/hostnetart.com.br\/baixada\/wp-json\/wp\/v2\/comments?post=928"}],"version-history":[{"count":0,"href":"https:\/\/hostnetart.com.br\/baixada\/wp-json\/wp\/v2\/posts\/928\/revisions"}],"wp:attachment":[{"href":"https:\/\/hostnetart.com.br\/baixada\/wp-json\/wp\/v2\/media?parent=928"}],"wp:term":[{"taxonomy":"category","embeddable":true,"href":"https:\/\/hostnetart.com.br\/baixada\/wp-json\/wp\/v2\/categories?post=928"},{"taxonomy":"post_tag","embeddable":true,"href":"https:\/\/hostnetart.com.br\/baixada\/wp-json\/wp\/v2\/tags?post=928"}],"curies":[{"name":"wp","href":"https:\/\/api.w.org\/{rel}","templated":true}]}}