{"id":9278,"date":"2020-07-22T03:18:48","date_gmt":"2020-07-22T06:18:48","guid":{"rendered":"https:\/\/hostnetart.com.br\/baixada\/guedes-vai-ao-congresso-afaga-maia-e-alcolumbre-e-reafirma-agenda-ultraliberal\/"},"modified":"2020-07-22T03:18:48","modified_gmt":"2020-07-22T06:18:48","slug":"guedes-vai-ao-congresso-afaga-maia-e-alcolumbre-e-reafirma-agenda-ultraliberal","status":"publish","type":"post","link":"https:\/\/hostnetart.com.br\/baixada\/guedes-vai-ao-congresso-afaga-maia-e-alcolumbre-e-reafirma-agenda-ultraliberal\/","title":{"rendered":"Guedes vai ao Congresso, afaga Maia e Alcolumbre e reafirma agenda ultraliberal"},"content":{"rendered":"<p>O ministro da Economia, Paulo Guedes, foi ao Congresso Nacional na tarde desta ter\u00e7a-feira (21), para levar a proposta de reforma tribut\u00e1ria do governo. Mas a ida do ministro ao Congresso se revestiu de um car\u00e1ter protocolar e pol\u00edtico, com afagos ao parlamento e aos presidentes da C\u00e2mara, Rodrigo Maia (DEM-RJ), e Senado, Davi Alcolumbre (DEN-AP), presentes no evento. Para Alcolumbre, a data \u00e9 \u201chist\u00f3rica\u201d. Para Maia, a reforma tribut\u00e1ria em constru\u00e7\u00e3o busca \u201cseguran\u00e7a jur\u00eddica para o setor produtivo\u201d. Ele enalteceu a \u201crela\u00e7\u00e3o de di\u00e1logo (que) s\u00f3 tem a trazer bons resultados ao pa\u00eds\u201d.<\/p>\n<p>Guedes se resumiu a anunciar verbalmente sua proposta inicial, j\u00e1 conhecida desde o in\u00edcio do governo Jair Bolsonaro, para a \u201creforma\u201d, o que chama de Imposto sobre Valor Agregado (IVA) dual: a unifica\u00e7\u00e3o de PIS-Pasep \u00e0 Cofins (tributos federais) com o ICMS (estadual) em um \u00fanico tributo.<\/p>\n<p>O ministro n\u00e3o entrou em detalhes. \u201cN\u00e3o cabe ao ministro da Fazenda e sim ao Congresso legislar rela\u00e7\u00f5es entre os entes federativos\u201d, disse. Ele manifestou apoio \u201cao que est\u00e1 estipulado na PEC 45\u2033, que tramita na C\u00e2mara e j\u00e1 foi objeto de amplo debate parlamentar.<\/p>\n<p>\u201cCabe ao Congresso definir se as regras valer\u00e3o para todos\u201d (estados e munic\u00edpios), acrescentou. Por isso, explicou, o governo n\u00e3o enviou uma nova Porposta de Emenda \u00e0 Constitui\u00e7\u00e3o, mas \u201cpropostas que podem ser trabalhadas e acopladas \u00e0s PECs j\u00e1 existentes\u201d.<\/p>\n<p><a href=\"https:\/\/www.redebrasilatual.com.br\/politica\/2019\/09\/para-oposicao-ja-ha-no-congresso-ambiente-para-a-construcao-de-um-sistema-tributario-mais-justo\/\" target=\"_blank\" rel=\"noopener noreferrer\">Al\u00e9m da PEC 45, h\u00e1 ainda a PEC 110, no Senado<\/a>, que tamb\u00e9m j\u00e1 foi debatida pelos parlamentares. A ideia de Maia e Alcolumbre \u00e9 que ambas as propostas sejam utilizadas para se chegar a um texto final.<\/p>\n<p>\u201cN\u00f3s sempre confiamos no Congresso reformista\u201d, afirmou Guedes. \u201cConfiamos no esp\u00edrito construtivo. Estava tudo acertado no in\u00edcio do ano quando o coronavirus nos atingiu e a pol\u00edtica ditou um ritmo diferente e construtivo novamente.\u201d Ele citou, entre outros, o aux\u00edlio emergencial, mas n\u00e3o disse que o governo s\u00f3 queria transferir aos benefici\u00e1rios R$ 200, e n\u00e3o os R$ 600 que o Congresso acabou aprovando.<\/p>\n<p>Em seu curto\u00a0 pronunciamento, Guedes continuou a afagar o parlamento, com quem teve relacionamento conflituoso durante todo o mandato de Bolsonaro. \u201cO Congresso continua surpreendendo o mundo\u201d, disse.<\/p>\n<p>Para justificar o elogio, mencionou a\u00a0<a href=\"https:\/\/www.redebrasilatual.com.br\/cidadania\/2020\/06\/senado-aprova-marco-legal-do-saneamento-e-abre-caminho-para-privatizacao-da-agua\/\" target=\"_blank\" rel=\"noopener noreferrer\">aprova\u00e7\u00e3o do marco legal do saneamento<\/a>, que \u00a0abre caminho para privatiza\u00e7\u00e3o da \u00e1gua, e prometeu dar continuidade \u00e0 agenda econ\u00f4mica do governo: \u201ctemos agora o setor el\u00e9trico, g\u00e1s natural, petr\u00f3leo, todo o marco regulat\u00f3rio de investimentos e a reforma tribut\u00e1ria, onde nos atrasamos por circunstancias pol\u00edticas\u201d.<\/p>\n<p>Guedes n\u00e3o falou do \u201cimposto sobre transa\u00e7\u00f5es digitais\u201d, que seria a \u201cnova\u201d CPMF, nem do imposto de renda, cujas al\u00edquotas ele pretende diminuir,\u00a0<a href=\"https:\/\/www.redebrasilatual.com.br\/economia\/2020\/07\/reforma-tributaria-de-guedes-vai-cobrar-ainda-menos-impostos-dos-mais-ricos-diz-economista\/\" target=\"_blank\" rel=\"noopener noreferrer\">promovendo ainda mais concentra\u00e7\u00e3o de renda\u00a0<\/a>do sistema brasileiro, que j\u00e1 \u00e9 um dos mais regressivos e injustos do mundo.<\/p>\n<p><strong>Fonte: Rede Brasil Atual<\/strong><\/p>\n","protected":false},"excerpt":{"rendered":"<p>O ministro da Economia, Paulo Guedes, foi ao Congresso Nacional na tarde desta ter\u00e7a-feira (21), para levar a proposta de reforma tribut\u00e1ria do governo. Mas a ida do ministro ao Congresso se revestiu de um car\u00e1ter protocolar e pol\u00edtico, com afagos ao parlamento e aos presidentes da C\u00e2mara, Rodrigo Maia (DEM-RJ), e Senado, Davi Alcolumbre [&hellip;]<\/p>\n","protected":false},"author":2,"featured_media":9277,"comment_status":"","ping_status":"","sticky":false,"template":"","format":"standard","meta":{"footnotes":""},"categories":[3],"tags":[],"class_list":["post-9278","post","type-post","status-publish","format-standard","has-post-thumbnail","hentry","category-noticias"],"_links":{"self":[{"href":"https:\/\/hostnetart.com.br\/baixada\/wp-json\/wp\/v2\/posts\/9278","targetHints":{"allow":["GET"]}}],"collection":[{"href":"https:\/\/hostnetart.com.br\/baixada\/wp-json\/wp\/v2\/posts"}],"about":[{"href":"https:\/\/hostnetart.com.br\/baixada\/wp-json\/wp\/v2\/types\/post"}],"author":[{"embeddable":true,"href":"https:\/\/hostnetart.com.br\/baixada\/wp-json\/wp\/v2\/users\/2"}],"replies":[{"embeddable":true,"href":"https:\/\/hostnetart.com.br\/baixada\/wp-json\/wp\/v2\/comments?post=9278"}],"version-history":[{"count":0,"href":"https:\/\/hostnetart.com.br\/baixada\/wp-json\/wp\/v2\/posts\/9278\/revisions"}],"wp:featuredmedia":[{"embeddable":true,"href":"https:\/\/hostnetart.com.br\/baixada\/wp-json\/wp\/v2\/media\/9277"}],"wp:attachment":[{"href":"https:\/\/hostnetart.com.br\/baixada\/wp-json\/wp\/v2\/media?parent=9278"}],"wp:term":[{"taxonomy":"category","embeddable":true,"href":"https:\/\/hostnetart.com.br\/baixada\/wp-json\/wp\/v2\/categories?post=9278"},{"taxonomy":"post_tag","embeddable":true,"href":"https:\/\/hostnetart.com.br\/baixada\/wp-json\/wp\/v2\/tags?post=9278"}],"curies":[{"name":"wp","href":"https:\/\/api.w.org\/{rel}","templated":true}]}}