{"id":9276,"date":"2020-07-22T03:17:53","date_gmt":"2020-07-22T06:17:53","guid":{"rendered":"https:\/\/hostnetart.com.br\/baixada\/banco-do-brasil-convoca-retorno-ao-trabalho\/"},"modified":"2020-07-22T03:17:53","modified_gmt":"2020-07-22T06:17:53","slug":"banco-do-brasil-convoca-retorno-ao-trabalho","status":"publish","type":"post","link":"https:\/\/hostnetart.com.br\/baixada\/banco-do-brasil-convoca-retorno-ao-trabalho\/","title":{"rendered":"Banco do Brasil convoca retorno ao trabalho"},"content":{"rendered":"<p>O Banco do Brasil emitiu nesta ter\u00e7a-feira (21) um comunicado com \u201c<a href=\"https:\/\/contrafcut.com.br\/comunicado-a-gerentes-21-07-2020-10h\/\" target=\"_blank\" rel=\"noopener noreferrer\">orienta\u00e7\u00f5es aos gestores<\/a>\u201d sobre as medidas adotadas pelo banco em decorr\u00eancia da pandemia causada pelo novo coronav\u00edrus. Em um trecho do documento, o banco informa que os funcion\u00e1rios que se autodeclararam coabitar com pessoas pertencentes a algum grupo de risco para a Covid-19 passam, a partir de 27\/07\/2020, podem ser enquadrados nas formas de trabalho dispon\u00edveis, como os demais funcion\u00e1rios que n\u00e3o perten\u00e7am ao grupo de risco. A Comiss\u00e3o de Empresa dos Funcion\u00e1rios do Banco do Brasil (CEBB) se re\u00fane com o banco nesta quarta-feira (22), \u00e0s 14h30 para tratar do assunto.<\/p>\n<p>\u201cMais uma vez, o banco emitiu um comunicado confuso. Mais uma vez, sem ao menos se comunicar com anteced\u00eancia as entidades de representa\u00e7\u00e3o sindical. Na ocasi\u00e3o da proibi\u00e7\u00e3o do uso do c\u00f3digo 478 para abonar os dias de quem estava em casa \u00e0 disposi\u00e7\u00e3o do banco, teve que voltar atr\u00e1s ap\u00f3s nossas cobran\u00e7as. Faremos o mesmo agora para evitar que as pessoas que moram com os funcion\u00e1rios e fazem parte de algum grupo de risco sejam expostas por causa desta medida irrespons\u00e1vel do banco\u201d, afirmou a secret\u00e1ria de Juventude e representante da Confedera\u00e7\u00e3o Nacional dos Trabalhadores do Ramo Financeiro (Contraf-CUT) nas negocia\u00e7\u00f5es com o BB, Fernanda Lopes. \u201cO pior \u00e9 que temos uma mesa de negocia\u00e7\u00f5es permanente com o banco. Tudo isso poderia ser evitado se o banco nos chamasse para conversar antes\u201d, completou.<\/p>\n<h3>Acordo Emergencial<\/h3>\n<p>O comunicado confuso do banco tem levado alguns gestores a entender e a executar a medida de forma distorcida, inclusive dizendo que ordem do banco est\u00e1 prevista no\u00a0<a href=\"https:\/\/contrafcut.com.br\/act-covid-19-minuta-final-contraf-16-07\/\" target=\"_blank\" rel=\"noopener noreferrer\">Acordo Coletivo de Trabalho (ACT) Emergencial (Covid-19)<\/a>.<\/p>\n<p>\u201cN\u00e3o \u00e9 o acordo que permitiu o banco mudar o entendimento do coabitante. O entendimento foi mudando devido \u00e0 Portaria 20 do governo Bolsonaro. Nosso acordo trouxe garantias para os funcion\u00e1rios\u201d, disse a presidenta da Contraf-CUT, Juvandia Moreira, se referindo \u00e0 Portaria Conjunta n\u00ba 20, de 18\/06\/2020, do Minist\u00e9rio da Economia\/Secretaria Especial de Previd\u00eancia e Trabalho e Minist\u00e9rio da Sa\u00fade.<\/p>\n<p>\u201cAlguns gestores est\u00e3o agindo de m\u00e1-f\u00e9 ao dizer que acordo coletivo emergencial prev\u00ea isso. A medida n\u00e3o tem nada a ver com o acordo. \u00c9 uma decis\u00e3o da administra\u00e7\u00e3o. Tanto \u00e9 que os funcion\u00e1rios das bases sindicais do Maranh\u00e3o, Rio Grande do Norte, Bauru e Pelotas, que n\u00e3o assinaram o acordo, tamb\u00e9m est\u00e3o sujeitos a essa regra. Ou seja, n\u00e3o \u00e9 o acordo que possibilitou essa atitude unilateral do banco. O acordo est\u00e1 preservando vidas e garantindo direitos, mesmo depois que a MP 927 caducou\u201d, afirmou o coordenador da Comiss\u00e3o de Empresa dos Funcion\u00e1rios do Banco do Brasil (CEBB), Jo\u00e3o Fukunaga.<\/p>\n<h3>Press\u00e3o no banco<\/h3>\n<p>O coordenador da CEBB orienta os funcion\u00e1rios a se mobilizarem e, por meio de canais internos de comunica\u00e7\u00e3o, no \u201cFale Com\u201d, mostrarem para a Diretoria de Pessoal (Dipes) sua indigna\u00e7\u00e3o com a falta de respeito do banco.<\/p>\n<p><strong>Fonte: Contraf-CUT<\/strong><\/p>\n","protected":false},"excerpt":{"rendered":"<p>O Banco do Brasil emitiu nesta ter\u00e7a-feira (21) um comunicado com \u201corienta\u00e7\u00f5es aos gestores\u201d sobre as medidas adotadas pelo banco em decorr\u00eancia da pandemia causada pelo novo coronav\u00edrus. Em um trecho do documento, o banco informa que os funcion\u00e1rios que se autodeclararam coabitar com pessoas pertencentes a algum grupo de risco para a Covid-19 passam, [&hellip;]<\/p>\n","protected":false},"author":2,"featured_media":9275,"comment_status":"","ping_status":"","sticky":false,"template":"","format":"standard","meta":{"footnotes":""},"categories":[3],"tags":[],"class_list":["post-9276","post","type-post","status-publish","format-standard","has-post-thumbnail","hentry","category-noticias"],"_links":{"self":[{"href":"https:\/\/hostnetart.com.br\/baixada\/wp-json\/wp\/v2\/posts\/9276","targetHints":{"allow":["GET"]}}],"collection":[{"href":"https:\/\/hostnetart.com.br\/baixada\/wp-json\/wp\/v2\/posts"}],"about":[{"href":"https:\/\/hostnetart.com.br\/baixada\/wp-json\/wp\/v2\/types\/post"}],"author":[{"embeddable":true,"href":"https:\/\/hostnetart.com.br\/baixada\/wp-json\/wp\/v2\/users\/2"}],"replies":[{"embeddable":true,"href":"https:\/\/hostnetart.com.br\/baixada\/wp-json\/wp\/v2\/comments?post=9276"}],"version-history":[{"count":0,"href":"https:\/\/hostnetart.com.br\/baixada\/wp-json\/wp\/v2\/posts\/9276\/revisions"}],"wp:featuredmedia":[{"embeddable":true,"href":"https:\/\/hostnetart.com.br\/baixada\/wp-json\/wp\/v2\/media\/9275"}],"wp:attachment":[{"href":"https:\/\/hostnetart.com.br\/baixada\/wp-json\/wp\/v2\/media?parent=9276"}],"wp:term":[{"taxonomy":"category","embeddable":true,"href":"https:\/\/hostnetart.com.br\/baixada\/wp-json\/wp\/v2\/categories?post=9276"},{"taxonomy":"post_tag","embeddable":true,"href":"https:\/\/hostnetart.com.br\/baixada\/wp-json\/wp\/v2\/tags?post=9276"}],"curies":[{"name":"wp","href":"https:\/\/api.w.org\/{rel}","templated":true}]}}