{"id":9274,"date":"2020-07-22T03:16:47","date_gmt":"2020-07-22T06:16:47","guid":{"rendered":"https:\/\/hostnetart.com.br\/baixada\/empregados-da-caixa-realizam-dia-nacional-de-luta-na-quinta-feira-23\/"},"modified":"2020-07-22T03:16:47","modified_gmt":"2020-07-22T06:16:47","slug":"empregados-da-caixa-realizam-dia-nacional-de-luta-na-quinta-feira-23","status":"publish","type":"post","link":"https:\/\/hostnetart.com.br\/baixada\/empregados-da-caixa-realizam-dia-nacional-de-luta-na-quinta-feira-23\/","title":{"rendered":"Empregados da Caixa realizam Dia Nacional de luta na quinta-feira (23)"},"content":{"rendered":"<p>Os empregados da Caixa Econ\u00f4mica Federal realizam na pr\u00f3xima quinta-feira (23) um Dia Nacional de Luta em Defesa da Caixa. Na data, os trabalhadores far\u00e3o um tuita\u00e7o, \u00e0s 11h, com a hashtag #MexeucomACaixaMexeuComOBrasil. Al\u00e9m do Twitter, a hashtag deve ser utilizada no Facebook, Instagram e demais redes sociais.<\/p>\n<p>\u201cA ideia \u00e9 dar o pontap\u00e9 inicial na a\u00e7\u00e3o digital Mexeu com a Caixa, mexeu com o Brasil, que tem o objetivo de pressionar a dire\u00e7\u00e3o do banco e o governo Bolsonaro a respeitar a Caixa e os direitos dos empregados, bem como alertar a sociedade sobre a import\u00e2ncia do banco p\u00fablico e os desrespeitos que os seus trabalhadores v\u00eam enfrentando mais acentuadamente desde o golpe de 2016\u201d, explicou Dion\u00edsio Reis, coordenador da Comiss\u00e3o Executiva de Empregados da Caixa (CEE\/Caixa).<\/p>\n<p>Os empregados se organizam para se defender das claras inten\u00e7\u00f5es privatistas da atual gest\u00e3o. Em entrevista no m\u00eas passado, o presidente da Caixa Econ\u00f4mica Federal, Pedro Guimar\u00e3es, voltou a refor\u00e7ar os planos de privatiza\u00e7\u00e3o do banco p\u00fablico. Ele confirmou a venda de setores estrat\u00e9gicos da Caixa. \u201cN\u00f3s podemos e iremos abrir o capital. Temos ainda algumas decis\u00f5es internas para serem tomadas, mas o caminho est\u00e1 muito claro: abertura de capital das opera\u00e7\u00f5es de seguros, de cart\u00f5es, de asset e uma discuss\u00e3o de loterias que passa por uma outra discuss\u00e3o legal\u201d, disse.<\/p>\n<p>\u201cTodas as \u00e1reas mencionadas pelo Pedro, tamb\u00e9m conhecido pelos empregados como \u2018O Lobo\u2019, s\u00e3o fundamentais para o banco p\u00fablico. A entrega destes setores \u00e9 claramente uma tentativa de fatiar a Caixa de olho em uma futura privatiza\u00e7\u00e3o\u201d, criticou Dion\u00edsio, se referindo as \u00e1rea de seguros, de cart\u00f5es, asset management e loteria, todas extremamente rent\u00e1veis .<\/p>\n<p>A a\u00e7\u00e3o ganha ainda mais import\u00e2ncia nesta semana, quando o banco deixou a cargo das chefias das \u00e1reas o retorno presencial ao trabalho. \u201cEm meio \u00e0 pandemia, a dire\u00e7\u00e3o do banco est\u00e1 agindo da mesma forma, mas neste caso a responsabiliza\u00e7\u00e3o ser\u00e1 civil e criminal, pois o retorno presencial ao trabalho representa uma amea\u00e7a \u00e0s vidas das pessoas, e tudo indica que, mais uma vez, a dire\u00e7\u00e3o da Caixa ir\u00e1 lavar as m\u00e3os caso ocorra alguma fatalidade\u201d, alertou o coordenador da CEBB.<\/p>\n<p>No dia a dia, a dire\u00e7\u00e3o da Caixa faz uma cobran\u00e7a abusiva de metas, o que muitas vezes obriga os empregados a agirem contra os normativos amb\u00edguos do banco e, caso isso resulte em algum problema, os trabalhadores acabam com a culpa.<\/p>\n<h3>Vice-presidente de Pessoas mente e tenta desmobilizar<\/h3>\n<p>Em uma live realizada na quarta-feira passada (16), a vice-presidente de Pessoas, Girlana Granja Peixoto, tentou desmobilizar a organiza\u00e7\u00e3o dos empregados da Caixa \u00e0s v\u00e9speras da Campanha Nacional 2020, em que os trabalhadores ir\u00e3o lutar pela renova\u00e7\u00e3o do Acordo Coletivo de Trabalho.<\/p>\n<p>\u201cA fala da vice-presidente de pessoas tenta desmobilizar os empregados e ataca o movimento sindical em um momento em que mobilizamos milhares de empregados nos congressos estaduais e regionais e sa\u00edmos do 36\u00ba Conecef com unidade nas nossas bandeiras de luta na defesa do nosso Acordo Coletivo de Trabalho\u201d, enfatizou o dirigente.<\/p>\n<p>No 36\u00ba Congresso Nacional dos Empregados da Caixa (Conecef) os trabalhadores alcan\u00e7aram a unidade nas reivindica\u00e7\u00f5es: fim do teto de 6,5% do Sa\u00fade Caixa; defesa do modelo atual de custeio do Sa\u00fade Caixa; contra qualquer mudan\u00e7a no estatuto democr\u00e1tico e das regras de elei\u00e7\u00e3o da Funcef; defesa da vida e das condi\u00e7\u00f5es de trabalho dos empregados; contra as metas abusivas; contra o desrespeito \u00e0 vida praticado pela dire\u00e7\u00e3o da caixa; em defesa da Caixa 100% P\u00fablica; em defesa da democracia; e fora, Bolsonaro.<\/p>\n<p>\u201cGirlana mentiu que a implementa\u00e7\u00e3o do teto de custeio do Sa\u00fade Caixa foi feito com anu\u00eancia do movimento sindical. A dire\u00e7\u00e3o da Caixa implantou essa mudan\u00e7a de forma unilateral no estatuto, com protesto da nossa representante no Conselho de Administra\u00e7\u00e3o, e a negocia\u00e7\u00e3o em 2018 conseguiu protelar para 2021 a implementa\u00e7\u00e3o que j\u00e1 estava prevista para aquele mesmo ano\u201d, disse Dion\u00edsio.<\/p>\n<p>\u201cA unidade dos empregados \u00e9 contra este teto e contra qualquer implementa\u00e7\u00e3o da CGPAR 23, que resultar\u00e1 na aniquila\u00e7\u00e3o do nosso plano de sa\u00fade, al\u00e9m da destrui\u00e7\u00e3o dos nossos demais direitos e do car\u00e1ter 100% p\u00fabico da Caixa \u2013 este por meio da venda do banco aos poucos, e em peda\u00e7os. Movimentos que a dire\u00e7\u00e3o atual do banco, junto com o governo Bolsonaro, pretendem. Por isso a Girlana atacou o movimento sindical e a mobiliza\u00e7\u00e3o dos empregados: para tentar desmobilizar e impedir nossa luta\u201d, afirmou Dion\u00edsio.<\/p>\n<p><strong>Fonte: Contraf-CUT<\/strong><\/p>\n","protected":false},"excerpt":{"rendered":"<p>Os empregados da Caixa Econ\u00f4mica Federal realizam na pr\u00f3xima quinta-feira (23) um Dia Nacional de Luta em Defesa da Caixa. Na data, os trabalhadores far\u00e3o um tuita\u00e7o, \u00e0s 11h, com a hashtag #MexeucomACaixaMexeuComOBrasil. Al\u00e9m do Twitter, a hashtag deve ser utilizada no Facebook, Instagram e demais redes sociais. \u201cA ideia \u00e9 dar o pontap\u00e9 inicial [&hellip;]<\/p>\n","protected":false},"author":2,"featured_media":9273,"comment_status":"","ping_status":"","sticky":false,"template":"","format":"standard","meta":{"footnotes":""},"categories":[3],"tags":[],"class_list":["post-9274","post","type-post","status-publish","format-standard","has-post-thumbnail","hentry","category-noticias"],"_links":{"self":[{"href":"https:\/\/hostnetart.com.br\/baixada\/wp-json\/wp\/v2\/posts\/9274","targetHints":{"allow":["GET"]}}],"collection":[{"href":"https:\/\/hostnetart.com.br\/baixada\/wp-json\/wp\/v2\/posts"}],"about":[{"href":"https:\/\/hostnetart.com.br\/baixada\/wp-json\/wp\/v2\/types\/post"}],"author":[{"embeddable":true,"href":"https:\/\/hostnetart.com.br\/baixada\/wp-json\/wp\/v2\/users\/2"}],"replies":[{"embeddable":true,"href":"https:\/\/hostnetart.com.br\/baixada\/wp-json\/wp\/v2\/comments?post=9274"}],"version-history":[{"count":0,"href":"https:\/\/hostnetart.com.br\/baixada\/wp-json\/wp\/v2\/posts\/9274\/revisions"}],"wp:featuredmedia":[{"embeddable":true,"href":"https:\/\/hostnetart.com.br\/baixada\/wp-json\/wp\/v2\/media\/9273"}],"wp:attachment":[{"href":"https:\/\/hostnetart.com.br\/baixada\/wp-json\/wp\/v2\/media?parent=9274"}],"wp:term":[{"taxonomy":"category","embeddable":true,"href":"https:\/\/hostnetart.com.br\/baixada\/wp-json\/wp\/v2\/categories?post=9274"},{"taxonomy":"post_tag","embeddable":true,"href":"https:\/\/hostnetart.com.br\/baixada\/wp-json\/wp\/v2\/tags?post=9274"}],"curies":[{"name":"wp","href":"https:\/\/api.w.org\/{rel}","templated":true}]}}