{"id":9270,"date":"2020-07-21T17:14:07","date_gmt":"2020-07-21T20:14:07","guid":{"rendered":"https:\/\/hostnetart.com.br\/baixada\/fundeb-guedes-quer-transformar-direito-a-creche-em-assistencialismo\/"},"modified":"2020-07-21T17:14:07","modified_gmt":"2020-07-21T20:14:07","slug":"fundeb-guedes-quer-transformar-direito-a-creche-em-assistencialismo","status":"publish","type":"post","link":"https:\/\/hostnetart.com.br\/baixada\/fundeb-guedes-quer-transformar-direito-a-creche-em-assistencialismo\/","title":{"rendered":"Fundeb: Guedes quer transformar direito \u00e0 creche em \u2018assistencialismo\u2019"},"content":{"rendered":"<p>O ministro da Economia, Paulo Guedes, pretende destinar 50% da amplia\u00e7\u00e3o do Novo Fundeb \u2013 cerca de R$ 6 bilh\u00f5es por ano \u2013 para a distribui\u00e7\u00e3o de \u201cvale-creches\u201d para fam\u00edlias carentes. Esse voucher, no valor de R$ 250 mensais, seria utilizado na rede privada de ensino. Para a professora da Faculdade de Educa\u00e7\u00e3o da Universidade de S\u00e3o Paulo (USP) S\u00f4nia Kruppa, Guedes quer transformar o direito \u00e0 educa\u00e7\u00e3o em assistencialismo.<\/p>\n<p>A C\u00e2mara dos Deputados deve retomar nesta ter\u00e7a-feira (20) as discuss\u00f5es sobre Proposta de Emenda \u00e0 Constitui\u00e7\u00e3o (PEC) 15\/2015, do\u00a0<a href=\"https:\/\/www.redebrasilatual.com.br\/educacao\/2020\/07\/especialistas-apontam-mentiras-de-bolsonaro-sobre-o-fundeb\/\" target=\"_blank\" rel=\"noopener noreferrer\">Novo Fundeb<\/a>. Mas o governo quer que a deputada Professora Dorinha (DEM-TO), relatora da proposta, apresente nova vers\u00e3o do texto. Contudo, essas modifica\u00e7\u00f5es\u00a0<a href=\"https:\/\/www.redebrasilatual.com.br\/educacao\/2020\/07\/maia-rejeita-emendas-do-governo-para-novo-fundeb-e-adia-votacao\/\" target=\"_blank\" rel=\"noopener noreferrer\">n\u00e3o devem ser acatadas<\/a>.<\/p>\n<p>Outra mudan\u00e7a proposta pelo governo \u00e9 que a eleva\u00e7\u00e3o da complementa\u00e7\u00e3o da Uni\u00e3o \u2013 de 10% para 20% \u2013 passe a valer apenas a partir de 2022, e n\u00e3o no ano que vem.<\/p>\n<p>A justificativa do governo para a implementa\u00e7\u00e3o desse \u201cvoucher\u201d \u2013 ou vale-creche \u2013 \u00e9 reduzir gastos com a constru\u00e7\u00e3o de novas vagas de creche, privilegiando a iniciativa privada.<\/p>\n<p>Por outro lado, a ideia de Guedes \u00e9 incluir esse vale-creche como parte do Renda Brasil, programa social que o governo quer lan\u00e7ar para substituir o\u00a0<a href=\"https:\/\/www.redebrasilatual.com.br\/economia\/2020\/04\/pesquisador-defende-bolsa-familia-como-instrumento-de-combate-a-pandemia\/\" target=\"_blank\" rel=\"noopener noreferrer\">Bolsa Fam\u00edlia<\/a>. Com o Teto de Gastos, que impede o governo de elevar investimentos sociais, seria uma forma de \u201cdriblar\u201d esse impedimento, utilizando recursos do fundo \u2013 que n\u00e3o est\u00e1 inclu\u00eddo nessa restri\u00e7\u00e3o.<\/p>\n<h2><span style=\"text-decoration: underline;\">Rasteira<\/span><\/h2>\n<p>Em suma, segundo a professora S\u00f4nia, trata-se de uma medida \u201cmatreira\u201d da equipe econ\u00f4mica. \u201c\u00c9 uma cilada. Vai repassar R$ 250, como se a creche tivesse esse custo. Guedes n\u00e3o poria o seu neto numa creche por esse valor. N\u00e3o custa isso. \u00c9 insuficiente, e fragiliza um direito\u201d, afirmou em entrevista ao\u00a0<em><a href=\"https:\/\/www.youtube.com\/watch?v=zdrHpoIJKvk\" target=\"_blank\" rel=\"noopener noreferrer\">Jornal Brasil Atual<\/a><\/em>.<\/p>\n<p>\u201cA creche \u00e9 um direito. N\u00e3o \u00e9 uma pol\u00edtica assistencial. Portanto, o poder p\u00fablico tem sim que construir o equipamento, contratar professores e profissionais da educa\u00e7\u00e3o, pagar direito a esses profissionais, com jornada adequada, para que a escola p\u00fablica brasileira tenha qualidade.<\/p>\n<p><strong>Fonte: Rede Brasil Atual<\/strong><\/p>\n","protected":false},"excerpt":{"rendered":"<p>O ministro da Economia, Paulo Guedes, pretende destinar 50% da amplia\u00e7\u00e3o do Novo Fundeb \u2013 cerca de R$ 6 bilh\u00f5es por ano \u2013 para a distribui\u00e7\u00e3o de \u201cvale-creches\u201d para fam\u00edlias carentes. Esse voucher, no valor de R$ 250 mensais, seria utilizado na rede privada de ensino. Para a professora da Faculdade de Educa\u00e7\u00e3o da Universidade [&hellip;]<\/p>\n","protected":false},"author":2,"featured_media":9269,"comment_status":"","ping_status":"","sticky":false,"template":"","format":"standard","meta":{"footnotes":""},"categories":[3],"tags":[],"class_list":["post-9270","post","type-post","status-publish","format-standard","has-post-thumbnail","hentry","category-noticias"],"_links":{"self":[{"href":"https:\/\/hostnetart.com.br\/baixada\/wp-json\/wp\/v2\/posts\/9270","targetHints":{"allow":["GET"]}}],"collection":[{"href":"https:\/\/hostnetart.com.br\/baixada\/wp-json\/wp\/v2\/posts"}],"about":[{"href":"https:\/\/hostnetart.com.br\/baixada\/wp-json\/wp\/v2\/types\/post"}],"author":[{"embeddable":true,"href":"https:\/\/hostnetart.com.br\/baixada\/wp-json\/wp\/v2\/users\/2"}],"replies":[{"embeddable":true,"href":"https:\/\/hostnetart.com.br\/baixada\/wp-json\/wp\/v2\/comments?post=9270"}],"version-history":[{"count":0,"href":"https:\/\/hostnetart.com.br\/baixada\/wp-json\/wp\/v2\/posts\/9270\/revisions"}],"wp:featuredmedia":[{"embeddable":true,"href":"https:\/\/hostnetart.com.br\/baixada\/wp-json\/wp\/v2\/media\/9269"}],"wp:attachment":[{"href":"https:\/\/hostnetart.com.br\/baixada\/wp-json\/wp\/v2\/media?parent=9270"}],"wp:term":[{"taxonomy":"category","embeddable":true,"href":"https:\/\/hostnetart.com.br\/baixada\/wp-json\/wp\/v2\/categories?post=9270"},{"taxonomy":"post_tag","embeddable":true,"href":"https:\/\/hostnetart.com.br\/baixada\/wp-json\/wp\/v2\/tags?post=9270"}],"curies":[{"name":"wp","href":"https:\/\/api.w.org\/{rel}","templated":true}]}}