{"id":9268,"date":"2020-07-21T17:13:12","date_gmt":"2020-07-21T20:13:12","guid":{"rendered":"https:\/\/hostnetart.com.br\/baixada\/dieese-afirma-que-pandemia-acentuou-desigualdade-entre-trabalhadores-ocupados\/"},"modified":"2020-07-21T17:13:12","modified_gmt":"2020-07-21T20:13:12","slug":"dieese-afirma-que-pandemia-acentuou-desigualdade-entre-trabalhadores-ocupados","status":"publish","type":"post","link":"https:\/\/hostnetart.com.br\/baixada\/dieese-afirma-que-pandemia-acentuou-desigualdade-entre-trabalhadores-ocupados\/","title":{"rendered":"Dieese afirma que pandemia acentuou desigualdade entre trabalhadores ocupados"},"content":{"rendered":"<p>Cerca de 36% dos trabalhadores ocupados em maio\u00a0<a href=\"https:\/\/www.redebrasilatual.com.br\/economia\/2020\/04\/pandemia-ressalta-desigualdade-brasileira-ameaca-emprego\/\" target=\"_blank\" rel=\"noopener noreferrer\">tiveram alguma perda no rendimento<\/a>\u00a0na compara\u00e7\u00e3o com a situa\u00e7\u00e3o anterior \u00e0 pandemia. A redu\u00e7\u00e3o m\u00e9dia do rendimento foi de 61%, de acordo com\u00a0<a href=\"https:\/\/www.dieese.org.br\/boletimempregoempauta\/2020\/boletimEmpregoEmPauta15.html\" target=\"_blank\" rel=\"noopener noreferrer\">boletim divulgado pelo Dieese<\/a>.<\/p>\n<p>O supervisor do escrit\u00f3rio do Dieese em S\u00e3o Paulo, Victor Pagani, observa que as perdas foram maiores entre os trabalhadores de servi\u00e7os e do com\u00e9rcio. Por outro lado, militares e pessoas com cargos de dire\u00e7\u00e3o tiveram perdas menores nos rendimentos. \u201cA pandemia acentua tamb\u00e9m as\u00a0<a href=\"https:\/\/www.redebrasilatual.com.br\/politica\/2020\/07\/bolsonaro-segura-verba-saude-coronavirus\/\" target=\"_blank\" rel=\"noopener noreferrer\">desigualdades de remunera\u00e7\u00e3o<\/a>\u00a0entre trabalhadores que permaneceram ocupados\u201d, afirmou, no\u00a0<strong>Jornal Brasil Atual<\/strong>.<\/p>\n<p>O levantamento mostra que os impactos da pandemia foram mais sentidos entre os trabalhadores informais. Mais da metade (56%) teve perda de rendimento. Em m\u00e9dia, a renda dos informais teve redu\u00e7\u00e3o de 36%, percentual que chega a 12% entre os trabalhadores com carteira assinada.<\/p>\n<p>Victor acrescenta que parte dos trabalhadores continuaram em atividade, mas perderam renda e tiveram que recorrer ao aux\u00edlio emergencial. \u201c\u00c9 fundamental que o aux\u00edlio continue sendo pago at\u00e9 o fim do estado de calamidade p\u00fablica, mantendo o valor de R$ 600. Esses ocupados tinham rendimento m\u00e9dio de R$ 1.427 antes da pandemia e, com a crise, perderam R$ 901. Ou seja, o aux\u00edlio ainda \u00e9 insuficiente para complementar essa perda\u201d, alertou.<\/p>\n<p><strong>Fonte: Rede Brasil Atual<\/strong><\/p>\n","protected":false},"excerpt":{"rendered":"<p>Cerca de 36% dos trabalhadores ocupados em maio\u00a0tiveram alguma perda no rendimento\u00a0na compara\u00e7\u00e3o com a situa\u00e7\u00e3o anterior \u00e0 pandemia. A redu\u00e7\u00e3o m\u00e9dia do rendimento foi de 61%, de acordo com\u00a0boletim divulgado pelo Dieese. O supervisor do escrit\u00f3rio do Dieese em S\u00e3o Paulo, Victor Pagani, observa que as perdas foram maiores entre os trabalhadores de servi\u00e7os [&hellip;]<\/p>\n","protected":false},"author":2,"featured_media":9267,"comment_status":"","ping_status":"","sticky":false,"template":"","format":"standard","meta":{"footnotes":""},"categories":[3],"tags":[],"class_list":["post-9268","post","type-post","status-publish","format-standard","has-post-thumbnail","hentry","category-noticias"],"_links":{"self":[{"href":"https:\/\/hostnetart.com.br\/baixada\/wp-json\/wp\/v2\/posts\/9268","targetHints":{"allow":["GET"]}}],"collection":[{"href":"https:\/\/hostnetart.com.br\/baixada\/wp-json\/wp\/v2\/posts"}],"about":[{"href":"https:\/\/hostnetart.com.br\/baixada\/wp-json\/wp\/v2\/types\/post"}],"author":[{"embeddable":true,"href":"https:\/\/hostnetart.com.br\/baixada\/wp-json\/wp\/v2\/users\/2"}],"replies":[{"embeddable":true,"href":"https:\/\/hostnetart.com.br\/baixada\/wp-json\/wp\/v2\/comments?post=9268"}],"version-history":[{"count":0,"href":"https:\/\/hostnetart.com.br\/baixada\/wp-json\/wp\/v2\/posts\/9268\/revisions"}],"wp:featuredmedia":[{"embeddable":true,"href":"https:\/\/hostnetart.com.br\/baixada\/wp-json\/wp\/v2\/media\/9267"}],"wp:attachment":[{"href":"https:\/\/hostnetart.com.br\/baixada\/wp-json\/wp\/v2\/media?parent=9268"}],"wp:term":[{"taxonomy":"category","embeddable":true,"href":"https:\/\/hostnetart.com.br\/baixada\/wp-json\/wp\/v2\/categories?post=9268"},{"taxonomy":"post_tag","embeddable":true,"href":"https:\/\/hostnetart.com.br\/baixada\/wp-json\/wp\/v2\/tags?post=9268"}],"curies":[{"name":"wp","href":"https:\/\/api.w.org\/{rel}","templated":true}]}}