{"id":9264,"date":"2020-07-21T17:10:20","date_gmt":"2020-07-21T20:10:20","guid":{"rendered":"https:\/\/hostnetart.com.br\/baixada\/live-debate-campanha-nacional-dos-bancarios\/"},"modified":"2020-07-21T17:10:20","modified_gmt":"2020-07-21T20:10:20","slug":"live-debate-campanha-nacional-dos-bancarios","status":"publish","type":"post","link":"https:\/\/hostnetart.com.br\/baixada\/live-debate-campanha-nacional-dos-bancarios\/","title":{"rendered":"Live debate Campanha Nacional dos Banc\u00e1rios"},"content":{"rendered":"<p>Nesta quarta-feira (22), a Campanha Nacional dos Banc\u00e1rios ser\u00e1 tema de debate em live do programa Quarta Sindical, produzido pela Central \u00danica dos Trabalhadores do Paran\u00e1 (CUT-PR) e pelo jornal Brasil de Fato (BdF). Participam da discuss\u00e3o a presidenta da Confedera\u00e7\u00e3o Nacional dos Trabalhadores do Ramo Financeiro da CUT (Contraf-CUT), Juvandia Moreira, e o presidente do Sindicato dos Banc\u00e1rios de Curitiba, Ant\u00f4nio Luiz Fermino. A live ser\u00e1 transmitida a partir das 11h30 pelas p\u00e1ginas da CUT-PR e do BdF-PR no FaceBook.<\/p>\n<p>O debate acontece um dia antes da entrega da minuta de reivindica\u00e7\u00f5es da categoria banc\u00e1ria para a Federa\u00e7\u00e3o Nacional dos Bancos (Fenaban). As reivindica\u00e7\u00f5es foram aprovadas na 22\u00aa Confer\u00eancia Nacional, realizada nos dias 17 e 18 deste m\u00eas e est\u00e3o sendo confirmadas pelas assembleias nos sindicatos de banc\u00e1rios de todo o pa\u00eds. Em decorr\u00eancia da pandemia causada pelo novo coronav\u00edrus, as assembleias est\u00e3o sendo virtuais.<\/p>\n<p><strong>Fonte: Contraf-CUT<\/strong><\/p>\n","protected":false},"excerpt":{"rendered":"<p>Nesta quarta-feira (22), a Campanha Nacional dos Banc\u00e1rios ser\u00e1 tema de debate em live do programa Quarta Sindical, produzido pela Central \u00danica dos Trabalhadores do Paran\u00e1 (CUT-PR) e pelo jornal Brasil de Fato (BdF). Participam da discuss\u00e3o a presidenta da Confedera\u00e7\u00e3o Nacional dos Trabalhadores do Ramo Financeiro da CUT (Contraf-CUT), Juvandia Moreira, e o presidente [&hellip;]<\/p>\n","protected":false},"author":2,"featured_media":9263,"comment_status":"","ping_status":"","sticky":false,"template":"","format":"standard","meta":{"footnotes":""},"categories":[3],"tags":[],"class_list":["post-9264","post","type-post","status-publish","format-standard","has-post-thumbnail","hentry","category-noticias"],"_links":{"self":[{"href":"https:\/\/hostnetart.com.br\/baixada\/wp-json\/wp\/v2\/posts\/9264","targetHints":{"allow":["GET"]}}],"collection":[{"href":"https:\/\/hostnetart.com.br\/baixada\/wp-json\/wp\/v2\/posts"}],"about":[{"href":"https:\/\/hostnetart.com.br\/baixada\/wp-json\/wp\/v2\/types\/post"}],"author":[{"embeddable":true,"href":"https:\/\/hostnetart.com.br\/baixada\/wp-json\/wp\/v2\/users\/2"}],"replies":[{"embeddable":true,"href":"https:\/\/hostnetart.com.br\/baixada\/wp-json\/wp\/v2\/comments?post=9264"}],"version-history":[{"count":0,"href":"https:\/\/hostnetart.com.br\/baixada\/wp-json\/wp\/v2\/posts\/9264\/revisions"}],"wp:featuredmedia":[{"embeddable":true,"href":"https:\/\/hostnetart.com.br\/baixada\/wp-json\/wp\/v2\/media\/9263"}],"wp:attachment":[{"href":"https:\/\/hostnetart.com.br\/baixada\/wp-json\/wp\/v2\/media?parent=9264"}],"wp:term":[{"taxonomy":"category","embeddable":true,"href":"https:\/\/hostnetart.com.br\/baixada\/wp-json\/wp\/v2\/categories?post=9264"},{"taxonomy":"post_tag","embeddable":true,"href":"https:\/\/hostnetart.com.br\/baixada\/wp-json\/wp\/v2\/tags?post=9264"}],"curies":[{"name":"wp","href":"https:\/\/api.w.org\/{rel}","templated":true}]}}