{"id":9262,"date":"2020-07-20T17:55:33","date_gmt":"2020-07-20T20:55:33","guid":{"rendered":"https:\/\/hostnetart.com.br\/baixada\/sindicato-dos-bancarios-da-baixada-fluminense-realiza-assembleia-para-aprovar-minuta-de-reivindicacoes\/"},"modified":"2020-07-20T17:55:33","modified_gmt":"2020-07-20T20:55:33","slug":"sindicato-dos-bancarios-da-baixada-fluminense-realiza-assembleia-para-aprovar-minuta-de-reivindicacoes","status":"publish","type":"post","link":"https:\/\/hostnetart.com.br\/baixada\/sindicato-dos-bancarios-da-baixada-fluminense-realiza-assembleia-para-aprovar-minuta-de-reivindicacoes\/","title":{"rendered":"Sindicato dos Banc\u00e1rios da Baixada Fluminense realiza assembleia para aprovar minuta de reivindica\u00e7\u00f5es"},"content":{"rendered":"<p>O Sindicato dos Banc\u00e1rios da Baixada Fluminense e Sindicatos de banc\u00e1rios de todo o pa\u00eds realizam assembleias nesta segunda e ter\u00e7a-feira (20 e 21) para\u00a0APROVAR a\u00a0<a href=\"https:\/\/contrafcut.com.br\/wp-content\/uploads\/2020\/07\/anexo-i-minuta-da-pauta-de-reivindicacoes-2020.pdf?x27366\" target=\"_blank\" rel=\"noopener noreferrer\">minuta de reivindica\u00e7\u00f5es<\/a>\u00a0da categoria,\u00a0<a href=\"https:\/\/contrafcut.com.br\/noticias\/bancarios-aprovam-minuta-de-reivindicacoes\/\" target=\"_blank\" rel=\"noopener noreferrer\">aprovada na 22\u00aa confer\u00eancia nacional<\/a>, no s\u00e1bado (18).<\/p>\n<p>A vota\u00e7\u00e3o se inicia \u00e0s 18h desta segunda-feira (20) e segue ter\u00e7a, \u00e0s 22h. Para votar, acesse o site do Sindicato ou o link: https:\/\/bancarios.votabem.com.br\/<\/p>\n<p>Em decorr\u00eancia da pandemia causada pelo novo coronav\u00edrus, as assembleias ser\u00e3o virtuais.<\/p>\n<p>A maioria dos sindicatos do pa\u00eds optou por realizar suas assembleias pelo sistema eletr\u00f4nico de vota\u00e7\u00e3o disponibilizado pela Confedera\u00e7\u00e3o Nacional dos Trabalhadores do Ramo Financeiro (Contraf-CUT), mas, o ideal \u00e9 que, para votar, os banc\u00e1rios e as banc\u00e1rias acessem os sites de seus sindicatos e busquem informa\u00e7\u00f5es sobre a assembleia e o link para a vota\u00e7\u00e3o.<br \/>Ap\u00f3s a aprova\u00e7\u00e3o pelas assembleias, a minuta ser\u00e1 apresentada \u00e0 Federa\u00e7\u00e3o Nacional dos Bancos (Fenaban) na quinta-feira (23), \u00e0s 14h30.<\/p>\n<h3><strong>\u00cdndice<\/strong><\/h3>\n<p>Depois do debate sobre as propostas, os delegados aprovaram a reivindica\u00e7\u00e3o de reajuste de infla\u00e7\u00e3o mais 5% de aumento real nos sal\u00e1rios e todas as cl\u00e1usulas econ\u00f4micas.<\/p>\n<h3><strong>Home office<\/strong><\/h3>\n<p>A 22\u00aa Confer\u00eancia tamb\u00e9m aprovou a inclus\u00e3o na minuta de uma cl\u00e1usula para regular o trabalho home office, que n\u00e3o pode ser imposto pelo banco, para estabelecer, entre outras coisas, que os custos do teletrabalho sejam arcados pelos empregadores, assim como o fornecimento dos equipamentos de trabalho e ergon\u00f4micos. A cl\u00e1usula tamb\u00e9m pro\u00edbe que sejam retirados direitos dos trabalhadores que cumprirem suas fun\u00e7\u00f5es em suas casas, \u00e0 exce\u00e7\u00e3o do vale-transporte\/combust\u00edvel, que deve ser fornecido com valor proporcional aos dias de comparecimento do trabalhador no banco, definindo que estes tenham de realizar suas atividades no pr\u00f3prio local de trabalho, pelo menos, uma vez por semana.<\/p>\n<h3><strong>Metas abusivas<\/strong><\/h3>\n<p>A Confer\u00eancia tamb\u00e9m aprovou uma proposta para que seja feita uma atualiza\u00e7\u00e3o da cl\u00e1usula que trata sobre a estabelecimento e a cobran\u00e7a as metas pelos bancos.<\/p>\n<p>Uma vez que um dos eixos da campanha ser\u00e1 a luta pela sa\u00fade e melhores condi\u00e7\u00f5es de trabalho para a categoria.<\/p>\n<h3><strong>Demais cl\u00e1usulas<\/strong><\/h3>\n<p>As demais cl\u00e1usulas hoje presentes na CCT foram mantidas na minuta de reivindica\u00e7\u00f5es.<\/p>\n<h3><strong>Outros eixos<\/strong><\/h3>\n<p>A campanha ter\u00e1 como prioridade a manuten\u00e7\u00e3o dos empregos e dos direitos, a defesa dos bancos p\u00fablicos e o reajuste do valor da Participa\u00e7\u00e3o nos Lucros e\/ou Resultados (PLR) pelo mesmo \u00edndice da campanha.<\/p>\n<p><strong>Fonte: Contraf-CUT<\/strong><\/p>\n","protected":false},"excerpt":{"rendered":"<p>O Sindicato dos Banc\u00e1rios da Baixada Fluminense e Sindicatos de banc\u00e1rios de todo o pa\u00eds realizam assembleias nesta segunda e ter\u00e7a-feira (20 e 21) para\u00a0APROVAR a\u00a0minuta de reivindica\u00e7\u00f5es\u00a0da categoria,\u00a0aprovada na 22\u00aa confer\u00eancia nacional, no s\u00e1bado (18). A vota\u00e7\u00e3o se inicia \u00e0s 18h desta segunda-feira (20) e segue ter\u00e7a, \u00e0s 22h. Para votar, acesse o site [&hellip;]<\/p>\n","protected":false},"author":2,"featured_media":9261,"comment_status":"","ping_status":"","sticky":false,"template":"","format":"standard","meta":{"footnotes":""},"categories":[8],"tags":[],"class_list":["post-9262","post","type-post","status-publish","format-standard","has-post-thumbnail","hentry","category-bancarios"],"_links":{"self":[{"href":"https:\/\/hostnetart.com.br\/baixada\/wp-json\/wp\/v2\/posts\/9262","targetHints":{"allow":["GET"]}}],"collection":[{"href":"https:\/\/hostnetart.com.br\/baixada\/wp-json\/wp\/v2\/posts"}],"about":[{"href":"https:\/\/hostnetart.com.br\/baixada\/wp-json\/wp\/v2\/types\/post"}],"author":[{"embeddable":true,"href":"https:\/\/hostnetart.com.br\/baixada\/wp-json\/wp\/v2\/users\/2"}],"replies":[{"embeddable":true,"href":"https:\/\/hostnetart.com.br\/baixada\/wp-json\/wp\/v2\/comments?post=9262"}],"version-history":[{"count":0,"href":"https:\/\/hostnetart.com.br\/baixada\/wp-json\/wp\/v2\/posts\/9262\/revisions"}],"wp:featuredmedia":[{"embeddable":true,"href":"https:\/\/hostnetart.com.br\/baixada\/wp-json\/wp\/v2\/media\/9261"}],"wp:attachment":[{"href":"https:\/\/hostnetart.com.br\/baixada\/wp-json\/wp\/v2\/media?parent=9262"}],"wp:term":[{"taxonomy":"category","embeddable":true,"href":"https:\/\/hostnetart.com.br\/baixada\/wp-json\/wp\/v2\/categories?post=9262"},{"taxonomy":"post_tag","embeddable":true,"href":"https:\/\/hostnetart.com.br\/baixada\/wp-json\/wp\/v2\/tags?post=9262"}],"curies":[{"name":"wp","href":"https:\/\/api.w.org\/{rel}","templated":true}]}}