{"id":9260,"date":"2020-07-20T03:19:18","date_gmt":"2020-07-20T06:19:18","guid":{"rendered":"https:\/\/hostnetart.com.br\/baixada\/uso-das-redes-sociais-e-tema-de-debate-na-conferencia\/"},"modified":"2020-07-20T03:19:18","modified_gmt":"2020-07-20T06:19:18","slug":"uso-das-redes-sociais-e-tema-de-debate-na-conferencia","status":"publish","type":"post","link":"https:\/\/hostnetart.com.br\/baixada\/uso-das-redes-sociais-e-tema-de-debate-na-conferencia\/","title":{"rendered":"Uso das redes sociais \u00e9 tema de debate na Confer\u00eancia"},"content":{"rendered":"<p>Mobilizar \u00e0 dist\u00e2ncia 450 mil trabalhadoras e trabalhadores nos bancos de todo o Brasil, em meio \u00e0s restri\u00e7\u00f5es sanit\u00e1rias impostas pela pandemia do Coronav\u00edrus (Covid-19), para organizar uma campanha ativa e combativa \u00e9 o desafio que o Comando Nacional dos Banc\u00e1rios tem para utilizar das redes sociais. Foi com esse esp\u00edrito que correu o debate da mesa sobre a Import\u00e2ncia da Comunica\u00e7\u00e3o, Estrat\u00e9gia e Organiza\u00e7\u00e3o nas Redes Sociais da 22\u00aa Confer\u00eancia Nacional, realizada na tarde deste s\u00e1bado (18). Participaram da discuss\u00e3o Juvandia Moreira, presidenta da Confedera\u00e7\u00e3o Nacional dos Trabalhadores do Ramo Financeiro da CUT (Contraf-CUT) e uma das coordenadoras do Comando Nacional dos Banc\u00e1rios, Ivone Silva, presidenta do Sindicato dos Banc\u00e1rios de S\u00e3o Paulo, Osasco e Regi\u00e3o e a outra coordenadora do Comando, e Gerson Carlos Pereira, secret\u00e1rio de Comunica\u00e7\u00e3o da Contraf-CUT.<br \/>\u201cAs redes sociais s\u00e3o uma ferramenta que a gente deve usar. Usamos na campanha do Santander para denunciar as demiss\u00f5es. No Ita\u00fa, as redes denunciaram um caso de racismo e a demiss\u00e3o de um companheiro que tinha beijado o companheiro nas redes sociais. A gente descobriu que o Banco do Brasil estava destinando verbas de publicidade para site que publica fake news\u201d, falou Juvandia, para exemplificar como as redes sociais s\u00e3o um instrumento de luta para a categoria banc\u00e1ria.<br \/>Para Ivone Silvia, \u00e9 fundamental a categoria perceber como a luta pol\u00edtica que se d\u00e1 nas redes \u00e9 importante. \u201cOs banc\u00e1rios precisam entender a import\u00e2ncia da sua contribui\u00e7\u00e3o para a luta, precisam entender que como s\u00e3o as novas formas de organiza\u00e7\u00e3o. \u00c9 importante as pessoas seguirem seus sindicatos e a Contraf-CUT para curtir e compartilhar todo o material produzido por nossas equipes.\u201d<\/p>\n<h2>Tuita\u00e7o<\/h2>\n<p>Juvandia convidou os delegados da Confer\u00eancia a tuitarem as hashtags #adistancianaonoslimita #santanderrespeiteobrasil #seepubliceparatodos, em um exerc\u00edcio f\u00e1cil e eficiente durante sua exposi\u00e7\u00e3o e que mostrou a for\u00e7a das redes para divulgar as lutas. \u201cA gente pediu para usar o Twitter, pois nele as hashtags mais comentadas daquele momento ganham destaque. Com isso conseguimos romper a bolha\u201d, explicou presidenta. \u201c\u00c0s vezes a gente s\u00f3 fica conversando entre a gente, s\u00f3 sabemos de n\u00f3s. Essa quest\u00e3o de a gente tuitar ou colocar nas redes sociais, ela fura a bolha porque as outras pessoas sabem o que est\u00e1 acontecendo conosco\u201d, completou Ivone.<\/p>\n<p>\u00a0<\/p>\n<h2>Arte da Campanha<\/h2>\n<p>Ainda durante a mesa, o secret\u00e1rio de Comunica\u00e7\u00e3o da Contraf-CUT apresentou a m\u00eddia o mote da Campanha Nacional 2020 \u201cNa luta com voc\u00ea\u201d. \u201cO mote, definido por todo Coletivo Nacional de Comunica\u00e7\u00e3o, possibilita trabalharmos em todos os sentidos: Na luta com voc\u00ea, na vida com voc\u00ea, na sa\u00fade com voc\u00ea, na PLR com voc\u00ea, \u00e9 o sindicato com voc\u00ea!\u201d, sugeriu. \u201cA ideia da campanha virtual \u00e9 muito forte, com materiais trabalhando todas essas possibilidades\u201d, completou.<\/p>\n<p><strong>Fonte: Contraf-CUT<\/strong><\/p>\n","protected":false},"excerpt":{"rendered":"<p>Mobilizar \u00e0 dist\u00e2ncia 450 mil trabalhadoras e trabalhadores nos bancos de todo o Brasil, em meio \u00e0s restri\u00e7\u00f5es sanit\u00e1rias impostas pela pandemia do Coronav\u00edrus (Covid-19), para organizar uma campanha ativa e combativa \u00e9 o desafio que o Comando Nacional dos Banc\u00e1rios tem para utilizar das redes sociais. Foi com esse esp\u00edrito que correu o debate [&hellip;]<\/p>\n","protected":false},"author":2,"featured_media":9259,"comment_status":"","ping_status":"","sticky":false,"template":"","format":"standard","meta":{"footnotes":""},"categories":[3],"tags":[],"class_list":["post-9260","post","type-post","status-publish","format-standard","has-post-thumbnail","hentry","category-noticias"],"_links":{"self":[{"href":"https:\/\/hostnetart.com.br\/baixada\/wp-json\/wp\/v2\/posts\/9260","targetHints":{"allow":["GET"]}}],"collection":[{"href":"https:\/\/hostnetart.com.br\/baixada\/wp-json\/wp\/v2\/posts"}],"about":[{"href":"https:\/\/hostnetart.com.br\/baixada\/wp-json\/wp\/v2\/types\/post"}],"author":[{"embeddable":true,"href":"https:\/\/hostnetart.com.br\/baixada\/wp-json\/wp\/v2\/users\/2"}],"replies":[{"embeddable":true,"href":"https:\/\/hostnetart.com.br\/baixada\/wp-json\/wp\/v2\/comments?post=9260"}],"version-history":[{"count":0,"href":"https:\/\/hostnetart.com.br\/baixada\/wp-json\/wp\/v2\/posts\/9260\/revisions"}],"wp:featuredmedia":[{"embeddable":true,"href":"https:\/\/hostnetart.com.br\/baixada\/wp-json\/wp\/v2\/media\/9259"}],"wp:attachment":[{"href":"https:\/\/hostnetart.com.br\/baixada\/wp-json\/wp\/v2\/media?parent=9260"}],"wp:term":[{"taxonomy":"category","embeddable":true,"href":"https:\/\/hostnetart.com.br\/baixada\/wp-json\/wp\/v2\/categories?post=9260"},{"taxonomy":"post_tag","embeddable":true,"href":"https:\/\/hostnetart.com.br\/baixada\/wp-json\/wp\/v2\/tags?post=9260"}],"curies":[{"name":"wp","href":"https:\/\/api.w.org\/{rel}","templated":true}]}}