{"id":9254,"date":"2020-07-18T02:16:52","date_gmt":"2020-07-18T05:16:52","guid":{"rendered":"https:\/\/hostnetart.com.br\/baixada\/precarizacao-do-trabalho-vai-dificultar-a-recuperacao-da-economia-afirma-professor\/"},"modified":"2020-07-18T02:16:52","modified_gmt":"2020-07-18T05:16:52","slug":"precarizacao-do-trabalho-vai-dificultar-a-recuperacao-da-economia-afirma-professor","status":"publish","type":"post","link":"https:\/\/hostnetart.com.br\/baixada\/precarizacao-do-trabalho-vai-dificultar-a-recuperacao-da-economia-afirma-professor\/","title":{"rendered":"Precariza\u00e7\u00e3o do trabalho vai dificultar a recupera\u00e7\u00e3o da economia, afirma professor"},"content":{"rendered":"<p>Ainda em meio \u00e0 pandemia, o ministro da Economia, Paulo Guedes, esbo\u00e7a o retorno da sua agenda ultraliberal. Al\u00e9m de ressuscitar o modelo de capitaliza\u00e7\u00e3o, derrotado durante a \u201creforma\u201d da Previd\u00eancia, ele quer ampliar a contrata\u00e7\u00e3o por hora trabalhada, em vez do sal\u00e1rio mensal.<\/p>\n<p>Segundo o economista\u00a0Jo\u00e3o Sics\u00fa,\u00a0professor\u00a0da Universidade Federal do Rio de Janeiro (UFRJ), novas mudan\u00e7as na legisla\u00e7\u00e3o trabalhista n\u00e3o devem contribuir para a cria\u00e7\u00e3o de empregos. Pelo contr\u00e1rio: a precariza\u00e7\u00e3o vai ter impacto negativo no mercado consumidor, retardando a retomada da economia.<\/p>\n<p>\u201c\u00c9 preciso lembrar que o trabalhador \u00e9 custo, mas por outro lado tamb\u00e9m \u00e9 demanda. Se ele ganha menos, vai consumir menos. Quando os direitos s\u00e3o reduzidos, fica mais f\u00e1cil contratar. Mas fica mais dif\u00edcil vender\u201d, alertou Sics\u00fa, em entrevista a Glauco Faria no\u00a0<em><a href=\"https:\/\/www.youtube.com\/watch?v=OFhZxOKMY-g\" target=\"_blank\" rel=\"noopener noreferrer\">Jornal Brasil Atual<\/a><\/em>, nesta quinta-feira (17), sobre os efeitos da precariza\u00e7\u00e3o do mercado de trabalho.<\/p>\n<p>Para alavancar a economia, primeiramente, ele defende um plano de retomada do emprego. Dados os elevados \u00edndices de desemprego, informalidade e subemprego, medidas simples de reativa\u00e7\u00e3o do mercado trariam impactos econ\u00f4micos positivos.<\/p>\n<p>\u201cQuando se pensa uma economia de baixos sal\u00e1rios e de subempregados, o resultado ser\u00e1 sempre uma economia fr\u00e1gil, cambaleante, com taxas de crescimentos baixas. E pior, taxas de investimentos muito baixas, pois os empres\u00e1rios n\u00e3o far\u00e3o investimentos de grande magnitude olhando para um mercado de trabalho fr\u00e1gil, que \u00e9 um espelho do mercado de consumo.\u201d<\/p>\n<h2><span style=\"text-decoration: underline;\">Capitaliza\u00e7\u00e3o<\/span><\/h2>\n<p>No\u00a0<a href=\"https:\/\/www.redebrasilatual.com.br\/economia\/2018\/12\/sistema-chileno-fracassou-e-previdencia-deve-proteger-os-mais-pobres\/\" target=\"_blank\" rel=\"noopener noreferrer\">modelo de capitaliza\u00e7\u00e3o<\/a>\u00a0proposto por Guedes, os trabalhadores contribuiriam para contas individuais, que seriam administradas pelos fundos privados. Al\u00e9m de ser \u201c\u00e9tica e filosoficamente\u201d conden\u00e1vel, o modelo foi adotado no Chile, desde a d\u00e9cada de 1970, e demonstrou resultados ruins. Com esse sistema, a maioria dos aposentados chilenos passou a receber menos que um sal\u00e1rio m\u00ednimo. Al\u00e9m de rever sua previd\u00eancia, o governo chileno se viu obrigado a aportar recursos p\u00fablicos para socorrer os aposentados.<\/p>\n<p>\u201cTemos que tratar propostas e programas de governo e de Estado do ponto de vista cient\u00edfico. Temos que testar, sem nenhuma ideologia. \u00c9 assim que a biologia faz, que a medicina faz. Nesse caso j\u00e1 houve o teste, e esse teste rejeitou a proposta. N\u00e3o \u00e9 eficiente, n\u00e3o funciona\u201d, disse Sics\u00fa.<\/p>\n<p><strong>Fonte: Rede Brasil Atual<\/strong><\/p>\n","protected":false},"excerpt":{"rendered":"<p>Ainda em meio \u00e0 pandemia, o ministro da Economia, Paulo Guedes, esbo\u00e7a o retorno da sua agenda ultraliberal. Al\u00e9m de ressuscitar o modelo de capitaliza\u00e7\u00e3o, derrotado durante a \u201creforma\u201d da Previd\u00eancia, ele quer ampliar a contrata\u00e7\u00e3o por hora trabalhada, em vez do sal\u00e1rio mensal. Segundo o economista\u00a0Jo\u00e3o Sics\u00fa,\u00a0professor\u00a0da Universidade Federal do Rio de Janeiro (UFRJ), [&hellip;]<\/p>\n","protected":false},"author":2,"featured_media":9253,"comment_status":"","ping_status":"","sticky":false,"template":"","format":"standard","meta":{"footnotes":""},"categories":[3],"tags":[],"class_list":["post-9254","post","type-post","status-publish","format-standard","has-post-thumbnail","hentry","category-noticias"],"_links":{"self":[{"href":"https:\/\/hostnetart.com.br\/baixada\/wp-json\/wp\/v2\/posts\/9254","targetHints":{"allow":["GET"]}}],"collection":[{"href":"https:\/\/hostnetart.com.br\/baixada\/wp-json\/wp\/v2\/posts"}],"about":[{"href":"https:\/\/hostnetart.com.br\/baixada\/wp-json\/wp\/v2\/types\/post"}],"author":[{"embeddable":true,"href":"https:\/\/hostnetart.com.br\/baixada\/wp-json\/wp\/v2\/users\/2"}],"replies":[{"embeddable":true,"href":"https:\/\/hostnetart.com.br\/baixada\/wp-json\/wp\/v2\/comments?post=9254"}],"version-history":[{"count":0,"href":"https:\/\/hostnetart.com.br\/baixada\/wp-json\/wp\/v2\/posts\/9254\/revisions"}],"wp:featuredmedia":[{"embeddable":true,"href":"https:\/\/hostnetart.com.br\/baixada\/wp-json\/wp\/v2\/media\/9253"}],"wp:attachment":[{"href":"https:\/\/hostnetart.com.br\/baixada\/wp-json\/wp\/v2\/media?parent=9254"}],"wp:term":[{"taxonomy":"category","embeddable":true,"href":"https:\/\/hostnetart.com.br\/baixada\/wp-json\/wp\/v2\/categories?post=9254"},{"taxonomy":"post_tag","embeddable":true,"href":"https:\/\/hostnetart.com.br\/baixada\/wp-json\/wp\/v2\/tags?post=9254"}],"curies":[{"name":"wp","href":"https:\/\/api.w.org\/{rel}","templated":true}]}}