{"id":9252,"date":"2020-07-18T02:15:49","date_gmt":"2020-07-18T05:15:49","guid":{"rendered":"https:\/\/hostnetart.com.br\/baixada\/contraf-cut-reivindica-prorrogacao-do-projeto-remoto-na-caixa\/"},"modified":"2020-07-18T02:15:49","modified_gmt":"2020-07-18T05:15:49","slug":"contraf-cut-reivindica-prorrogacao-do-projeto-remoto-na-caixa","status":"publish","type":"post","link":"https:\/\/hostnetart.com.br\/baixada\/contraf-cut-reivindica-prorrogacao-do-projeto-remoto-na-caixa\/","title":{"rendered":"Contraf-CUT reivindica prorroga\u00e7\u00e3o do Projeto Remoto na Caixa"},"content":{"rendered":"<p>A Confedera\u00e7\u00e3o Nacional dos Trabalhadores do Ramo Financeiro (Contraf-CUT), assessorada pela Comiss\u00e3o Executiva dos Empregados da Caixa (CEE\/Caixa), enviou of\u00edcio nesta quinta-feira (16) \u00e0 Caixa Econ\u00f4mica Federal solicitando a prorroga\u00e7\u00e3o do projeto teletrabalho enquanto perdurar a pandemia do novo coronav\u00edrus (Covid-19). Depois de frequentes cobran\u00e7as do movimento sindical, a\u00a0<a href=\"https:\/\/contrafcut.com.br\/noticias\/depois-de-cobrancas-caixa-anuncia-a-prorrogacao-do-projeto-remoto-ate-17-de-julho\/\" target=\"_blank\" rel=\"noopener noreferrer\">Caixa anunciou, no in\u00edcio do m\u00eas, a prorroga\u00e7\u00e3o do Projeto Remoto at\u00e9 o dia 17 de julho<\/a>.<\/p>\n<p>A Contraf-CUT critica a informa\u00e7\u00e3o que a Caixa n\u00e3o prorrogaria o teletrabalho dos empregados, determinando o retorno ao trabalho presencial a partir de 20\/07\/2020 e solicita a revis\u00e3o de tal medida, pensando na prote\u00e7\u00e3o aos seus empregados. \u201cEsperamos a revers\u00e3o dessa medida e que se restabele\u00e7am as negocia\u00e7\u00f5es com as entidades sindicais para que sejam implementadas e aprimoradas as medidas constantes no Protocolo de Inten\u00e7\u00f5es de boas pr\u00e1ticas frente \u00e0 Covid-19.\u201d<\/p>\n<h3>Projeto Remoto<\/h3>\n<p>O \u201cProjeto Remoto\u201d \u00e9 um dos principais itens do protocolo de atua\u00e7\u00e3o de gestores e empregados. A medida, constru\u00edda em conjunto com as entidades e o movimento sindical, \u00e9 essencial para promover a sa\u00fade e defender a vida dos empregados e da popula\u00e7\u00e3o durante a pandemia.<\/p>\n<p>Dion\u00edsio Reis, coordenador da CEE\/ Caixa, exalta o trabalho remoto por ser muito importante para os empregados e seus familiares num primeiro momento, e consequentemente para a popula\u00e7\u00e3o, pois evita a contamina\u00e7\u00e3o e propaga\u00e7\u00e3o do v\u00edrus. \u201cO confinamento de pessoas em ambientes fechados, sem restri\u00e7\u00f5es de barreira entre as esta\u00e7\u00f5es de trabalho, bem como uso coletivo de elevadores e outros ambientes, ampliam consideravelmente o risco de contamina\u00e7\u00e3o. O retorno dos empregados nesse momento \u00e9 um desrespeito aos trabalhadores e vai na contram\u00e3o de uma dire\u00e7\u00e3o que se diz preocupada com as pessoas.\u201d<\/p>\n<p><strong>Fonte: Contraf-CUT<\/strong><\/p>\n","protected":false},"excerpt":{"rendered":"<p>A Confedera\u00e7\u00e3o Nacional dos Trabalhadores do Ramo Financeiro (Contraf-CUT), assessorada pela Comiss\u00e3o Executiva dos Empregados da Caixa (CEE\/Caixa), enviou of\u00edcio nesta quinta-feira (16) \u00e0 Caixa Econ\u00f4mica Federal solicitando a prorroga\u00e7\u00e3o do projeto teletrabalho enquanto perdurar a pandemia do novo coronav\u00edrus (Covid-19). Depois de frequentes cobran\u00e7as do movimento sindical, a\u00a0Caixa anunciou, no in\u00edcio do m\u00eas, a [&hellip;]<\/p>\n","protected":false},"author":2,"featured_media":9251,"comment_status":"","ping_status":"","sticky":false,"template":"","format":"standard","meta":{"footnotes":""},"categories":[3],"tags":[],"class_list":["post-9252","post","type-post","status-publish","format-standard","has-post-thumbnail","hentry","category-noticias"],"_links":{"self":[{"href":"https:\/\/hostnetart.com.br\/baixada\/wp-json\/wp\/v2\/posts\/9252","targetHints":{"allow":["GET"]}}],"collection":[{"href":"https:\/\/hostnetart.com.br\/baixada\/wp-json\/wp\/v2\/posts"}],"about":[{"href":"https:\/\/hostnetart.com.br\/baixada\/wp-json\/wp\/v2\/types\/post"}],"author":[{"embeddable":true,"href":"https:\/\/hostnetart.com.br\/baixada\/wp-json\/wp\/v2\/users\/2"}],"replies":[{"embeddable":true,"href":"https:\/\/hostnetart.com.br\/baixada\/wp-json\/wp\/v2\/comments?post=9252"}],"version-history":[{"count":0,"href":"https:\/\/hostnetart.com.br\/baixada\/wp-json\/wp\/v2\/posts\/9252\/revisions"}],"wp:featuredmedia":[{"embeddable":true,"href":"https:\/\/hostnetart.com.br\/baixada\/wp-json\/wp\/v2\/media\/9251"}],"wp:attachment":[{"href":"https:\/\/hostnetart.com.br\/baixada\/wp-json\/wp\/v2\/media?parent=9252"}],"wp:term":[{"taxonomy":"category","embeddable":true,"href":"https:\/\/hostnetart.com.br\/baixada\/wp-json\/wp\/v2\/categories?post=9252"},{"taxonomy":"post_tag","embeddable":true,"href":"https:\/\/hostnetart.com.br\/baixada\/wp-json\/wp\/v2\/tags?post=9252"}],"curies":[{"name":"wp","href":"https:\/\/api.w.org\/{rel}","templated":true}]}}