{"id":9250,"date":"2020-07-16T21:24:09","date_gmt":"2020-07-17T00:24:09","guid":{"rendered":"https:\/\/hostnetart.com.br\/baixada\/mp-927-vai-caducar\/"},"modified":"2020-07-16T21:24:09","modified_gmt":"2020-07-17T00:24:09","slug":"mp-927-vai-caducar","status":"publish","type":"post","link":"https:\/\/hostnetart.com.br\/baixada\/mp-927-vai-caducar\/","title":{"rendered":"MP 927 vai caducar"},"content":{"rendered":"<p>Ap\u00f3s pedidos de diversos l\u00edderes partid\u00e1rios, o presidente do Senado, Davi Alcolumbre (DEM-AP), retirou a Medida Provis\u00f3ria (MP)\u00a0<a href=\"http:\/\/www.congressonacional.leg.br\/materias\/medidas-provisorias\/-\/mpv\/141145\" target=\"_blank\" rel=\"noopener noreferrer\">927\/2020<\/a>\u00a0da pauta de vota\u00e7\u00e3o nesta quarta-feira (15) e se comprometeu a n\u00e3o pautar a vota\u00e7\u00e3o da proposta novamente.<\/p>\n<p>Muitos senadores afirmam que a MP 927 era uma nova tentativa de redu\u00e7\u00e3o de direitos, com a institui\u00e7\u00e3o de novas formas de contratos de trabalho prec\u00e1rios, dificulta o acesso \u00e0 Justi\u00e7a do Trabalho e esvazia o sentido maior de prote\u00e7\u00e3o social prevista na Constitui\u00e7\u00e3o da Rep\u00fablica de 1988.<\/p>\n<p>O senador Paulo Paim (PT-RS), por exemplo, criticou o projeto por estabelecer o parcelamento de d\u00e9bito trabalhista em cinco anos, a prorroga\u00e7\u00e3o da jornada para profissionais da sa\u00fade e a ado\u00e7\u00e3o de banco de horas, que pode ultrapassar o per\u00edodo da pandemia e chegar a 18 meses,\u00a0<a href=\"https:\/\/www12.senado.leg.br\/noticias\/materias\/2020\/07\/15\/senado-deixa-caducar-mp-que-altera-regras-trabalhistas\" target=\"_blank\" rel=\"noopener noreferrer\">segundo informou a Ag\u00eancia Senado<\/a>.<\/p>\n<p>\u201cQuando n\u00e3o se tem entendimento \u00e9 praticamente imposs\u00edvel votar MP ou uma mat\u00e9ria com a complexidade dessas\u201d, explicou Alcolumbre.<\/p>\n<p>Com a retirada da pauta, a proposta deve caducar, uma vez que o prazo para a vota\u00e7\u00e3o se encerra no pr\u00f3ximo domingo (19).<\/p>\n<h3>Retirada de direitos<\/h3>\n<p>\u201cO governo queria aproveitar a pandemia para prejudicar ainda mais os trabalhadores. Atacar a todo o momento os direitos conquistados durante d\u00e9cadas, quer, de uma vez, derrubar nossas conquistas\u201d, declarou a presidenta da Confedera\u00e7\u00e3o Nacional dos Trabalhadores do Ramo Financeiro (Contraf-CUT), Juvandia Moreira.<\/p>\n<p>A regulamenta\u00e7\u00e3o do teletrabalho, a antecipa\u00e7\u00e3o de f\u00e9rias individuais, a concess\u00e3o de f\u00e9rias coletivas, o aproveitamento e a antecipa\u00e7\u00e3o de feriados, o banco de horas e a suspens\u00e3o de exig\u00eancias administrativas em seguran\u00e7a e sa\u00fade no trabalho s\u00e3o alguns dos t\u00f3picos abordados pela MP 927.<\/p>\n<p>\u201cMesmo com a caducidade da MP 927, temos que nos manter atentos. O governo e a imensa base de representa\u00e7\u00e3o do empresariado no Congresso tenta embutir t\u00f3picos de retirada de direitos dos trabalhadores a cada proposta apresentada, seja pelo governo ou por seus mandatos\u201d, alertou o secret\u00e1rio de Rela\u00e7\u00f5es do Trabalho da Contraf-CUT, Jeferson Meira, o Jef\u00e3o, que acompanha a trabalho do legislativo federal.<\/p>\n<p><strong>Fonte: Contraf-CUT<\/strong><\/p>\n","protected":false},"excerpt":{"rendered":"<p>Ap\u00f3s pedidos de diversos l\u00edderes partid\u00e1rios, o presidente do Senado, Davi Alcolumbre (DEM-AP), retirou a Medida Provis\u00f3ria (MP)\u00a0927\/2020\u00a0da pauta de vota\u00e7\u00e3o nesta quarta-feira (15) e se comprometeu a n\u00e3o pautar a vota\u00e7\u00e3o da proposta novamente. Muitos senadores afirmam que a MP 927 era uma nova tentativa de redu\u00e7\u00e3o de direitos, com a institui\u00e7\u00e3o de novas [&hellip;]<\/p>\n","protected":false},"author":2,"featured_media":9249,"comment_status":"","ping_status":"","sticky":false,"template":"","format":"standard","meta":{"footnotes":""},"categories":[3],"tags":[],"class_list":["post-9250","post","type-post","status-publish","format-standard","has-post-thumbnail","hentry","category-noticias"],"_links":{"self":[{"href":"https:\/\/hostnetart.com.br\/baixada\/wp-json\/wp\/v2\/posts\/9250","targetHints":{"allow":["GET"]}}],"collection":[{"href":"https:\/\/hostnetart.com.br\/baixada\/wp-json\/wp\/v2\/posts"}],"about":[{"href":"https:\/\/hostnetart.com.br\/baixada\/wp-json\/wp\/v2\/types\/post"}],"author":[{"embeddable":true,"href":"https:\/\/hostnetart.com.br\/baixada\/wp-json\/wp\/v2\/users\/2"}],"replies":[{"embeddable":true,"href":"https:\/\/hostnetart.com.br\/baixada\/wp-json\/wp\/v2\/comments?post=9250"}],"version-history":[{"count":0,"href":"https:\/\/hostnetart.com.br\/baixada\/wp-json\/wp\/v2\/posts\/9250\/revisions"}],"wp:featuredmedia":[{"embeddable":true,"href":"https:\/\/hostnetart.com.br\/baixada\/wp-json\/wp\/v2\/media\/9249"}],"wp:attachment":[{"href":"https:\/\/hostnetart.com.br\/baixada\/wp-json\/wp\/v2\/media?parent=9250"}],"wp:term":[{"taxonomy":"category","embeddable":true,"href":"https:\/\/hostnetart.com.br\/baixada\/wp-json\/wp\/v2\/categories?post=9250"},{"taxonomy":"post_tag","embeddable":true,"href":"https:\/\/hostnetart.com.br\/baixada\/wp-json\/wp\/v2\/tags?post=9250"}],"curies":[{"name":"wp","href":"https:\/\/api.w.org\/{rel}","templated":true}]}}