{"id":9248,"date":"2020-07-16T03:30:23","date_gmt":"2020-07-16T06:30:23","guid":{"rendered":"https:\/\/hostnetart.com.br\/baixada\/rubem-novaes-e-convidado-a-explicar-cessao-de-carteira-de-credito-do-bb-ao-btg-pactual\/"},"modified":"2020-07-16T03:30:23","modified_gmt":"2020-07-16T06:30:23","slug":"rubem-novaes-e-convidado-a-explicar-cessao-de-carteira-de-credito-do-bb-ao-btg-pactual","status":"publish","type":"post","link":"https:\/\/hostnetart.com.br\/baixada\/rubem-novaes-e-convidado-a-explicar-cessao-de-carteira-de-credito-do-bb-ao-btg-pactual\/","title":{"rendered":"Rubem Novaes \u00e9 convidado a explicar cess\u00e3o de carteira de cr\u00e9dito do BB ao BTG Pactual"},"content":{"rendered":"<p>O deputado Glauber Braga (Psol\/RJ) protocolou requerimento na C\u00e2mara dos Deputados para que o Banco do Brasil esclare\u00e7a o processo de\u00a0<a href=\"https:\/\/spbancarios.com.br\/07\/2020\/bb-cede-carteira-de-credito-ao-btg-em-meio-nova-ameaca-de-privatizacao\" target=\"_blank\" rel=\"noopener noreferrer\">cess\u00e3o de uma carteira de cr\u00e9dito de R$ 2,9 bilh\u00f5es ao BTG Pactual<\/a>. Al\u00e9m dos esclarecimentos a serem dados pelo banco, o presidente do BB, Rubem Novaes, foi convidado pela bancada do Psol a comparecer \u00e0 C\u00e2mara para responder perguntas sobre o assunto.<\/p>\n<p>\u00c9 a primeira vez em sua hist\u00f3ria que o Banco do Brasil realizou uma opera\u00e7\u00e3o de cess\u00e3o de carteira de cr\u00e9dito a uma institui\u00e7\u00e3o fora de seu conglomerado. Segundo o coordenador da Comiss\u00e3o de Empresa dos Funcion\u00e1rios do Banco do Brasil (CEBB), Jo\u00e3o Fukunaga, a opera\u00e7\u00e3o foi feita sem transpar\u00eancia e levanta suspeitas.<\/p>\n<p>O BTG Pactual foi fundado pelo atual ministro da Economia, Paulo Guedes. O Banco do Brasil est\u00e1 subordinado ao Minist\u00e9rio da Economia.<\/p>\n<p>A iniciativa do deputado faz parte do movimento de cria\u00e7\u00e3o de uma frente parlamentar em defesa do car\u00e1ter p\u00fablico do\u00a0<a href=\"https:\/\/spbancarios.com.br\/banco-do-brasil\" target=\"_blank\" rel=\"noopener noreferrer\">Banco do Brasil<\/a>, sobre a qual o 31\u00ba Congresso Nacional dos Funcion\u00e1rios do BB (CNFBB) debate no dia 12 de julho. Em v\u00eddeo reproduzido durante o congresso, o parlamentar falou sobre a entrega do patrim\u00f4nio p\u00fablico pelo governo Bolsonaro.\u00a0<\/p>\n<p>\u201c\u00c9 uma importante iniciativa que foi lan\u00e7ada no CNFBB. V\u00e1rios pol\u00edticos de diferentes partidos tamb\u00e9m enviaram suas declara\u00e7\u00f5es em defesa do banco e do funcionalismo, e agora vamos construir essa frente. Essa \u00e9 s\u00f3 a primeira a\u00e7\u00e3o\u201d, explicou o coordenador da CEBB.<\/p>\n<p><strong>Fonte: Contraf-CUT<\/strong><\/p>\n","protected":false},"excerpt":{"rendered":"<p>O deputado Glauber Braga (Psol\/RJ) protocolou requerimento na C\u00e2mara dos Deputados para que o Banco do Brasil esclare\u00e7a o processo de\u00a0cess\u00e3o de uma carteira de cr\u00e9dito de R$ 2,9 bilh\u00f5es ao BTG Pactual. Al\u00e9m dos esclarecimentos a serem dados pelo banco, o presidente do BB, Rubem Novaes, foi convidado pela bancada do Psol a comparecer [&hellip;]<\/p>\n","protected":false},"author":2,"featured_media":9247,"comment_status":"","ping_status":"","sticky":false,"template":"","format":"standard","meta":{"footnotes":""},"categories":[3],"tags":[],"class_list":["post-9248","post","type-post","status-publish","format-standard","has-post-thumbnail","hentry","category-noticias"],"_links":{"self":[{"href":"https:\/\/hostnetart.com.br\/baixada\/wp-json\/wp\/v2\/posts\/9248","targetHints":{"allow":["GET"]}}],"collection":[{"href":"https:\/\/hostnetart.com.br\/baixada\/wp-json\/wp\/v2\/posts"}],"about":[{"href":"https:\/\/hostnetart.com.br\/baixada\/wp-json\/wp\/v2\/types\/post"}],"author":[{"embeddable":true,"href":"https:\/\/hostnetart.com.br\/baixada\/wp-json\/wp\/v2\/users\/2"}],"replies":[{"embeddable":true,"href":"https:\/\/hostnetart.com.br\/baixada\/wp-json\/wp\/v2\/comments?post=9248"}],"version-history":[{"count":0,"href":"https:\/\/hostnetart.com.br\/baixada\/wp-json\/wp\/v2\/posts\/9248\/revisions"}],"wp:featuredmedia":[{"embeddable":true,"href":"https:\/\/hostnetart.com.br\/baixada\/wp-json\/wp\/v2\/media\/9247"}],"wp:attachment":[{"href":"https:\/\/hostnetart.com.br\/baixada\/wp-json\/wp\/v2\/media?parent=9248"}],"wp:term":[{"taxonomy":"category","embeddable":true,"href":"https:\/\/hostnetart.com.br\/baixada\/wp-json\/wp\/v2\/categories?post=9248"},{"taxonomy":"post_tag","embeddable":true,"href":"https:\/\/hostnetart.com.br\/baixada\/wp-json\/wp\/v2\/tags?post=9248"}],"curies":[{"name":"wp","href":"https:\/\/api.w.org\/{rel}","templated":true}]}}