{"id":9246,"date":"2020-07-16T03:29:17","date_gmt":"2020-07-16T06:29:17","guid":{"rendered":"https:\/\/hostnetart.com.br\/baixada\/definida-pauta-de-reivindicacoes-dos-bancarios-do-itau-unibanco\/"},"modified":"2020-07-16T03:29:17","modified_gmt":"2020-07-16T06:29:17","slug":"definida-pauta-de-reivindicacoes-dos-bancarios-do-itau-unibanco","status":"publish","type":"post","link":"https:\/\/hostnetart.com.br\/baixada\/definida-pauta-de-reivindicacoes-dos-bancarios-do-itau-unibanco\/","title":{"rendered":"Definida pauta de reivindica\u00e7\u00f5es dos banc\u00e1rios do Ita\u00fa Unibanco"},"content":{"rendered":"<p>Os delegados e delegadas que participaram do Encontro Nacional dos Trabalhadores do Ita\u00fa definiram a pauta de reivindica\u00e7\u00f5es espec\u00edficas para a Campanha Nacional 2020 em rela\u00e7\u00e3o \u00e0 Sa\u00fade e Condi\u00e7\u00f5es de Trabalho na pandemia e no p\u00f3s-pandemia de coronav\u00edrus (Covid-19); Empregos e Remunera\u00e7\u00e3o. O evento reuniu, de forma virtual, 95 representantes do Brasil todo, nesta ter\u00e7a-feira (14), e faz parte do calend\u00e1rio organizativo para a Campanha Nacional 2020.<\/p>\n<p>Antes de definirem as reivindica\u00e7\u00f5es, a presidenta do Sindicato dos Banc\u00e1rios de S\u00e3o Paulo e coordenadora do Comando Nacional, Ivone Silva fez uma an\u00e1lise da conjuntura nacional e passou informa\u00e7\u00f5es sobre as negocia\u00e7\u00f5es mantidas com a Federa\u00e7\u00e3o Nacional dos Bancos (Fenaban) nos \u00faltimos cem dias, que tiveram como objetivo principal a preserva\u00e7\u00e3o da vida e da sa\u00fade dos banc\u00e1rios, por conta da pandemia causada pelo novo coronav\u00edrus.<\/p>\n<p>Ela tamb\u00e9m relatou sobre as dificuldades que se intensificam diariamente em fun\u00e7\u00e3o da crise econ\u00f4mica brasileira, bem como sobre a imposi\u00e7\u00e3o de novas pr\u00e1ticas para a a\u00e7\u00e3o sindical cotidiana e da resist\u00eancia do movimento sindical frente aos ataques do governo federal, que busca retirar direitos da classe trabalhadora.<\/p>\n<p>\u201cTeremos um cen\u00e1rio dif\u00edcil neste ano, n\u00e3o s\u00f3 por conta da pandemia, mas por enfrentar uma economia j\u00e1 fragilizada h\u00e1 muitos anos. Precisamos contar com a mobiliza\u00e7\u00e3o e unidade da categoria para conseguirmos renovar toda a Conven\u00e7\u00e3o Coletiva de Trabalho (CCT), para que n\u00e3o haja perda de direitos pelos pr\u00f3ximos anos, mesmo j\u00e1 prevendo que n\u00e3o haver\u00e1 disposi\u00e7\u00e3o do governo federal para negociar com o movimento sindical\u201d, disse Ivone Silva.<\/p>\n<p>Os participantes tamb\u00e9m contaram com a an\u00e1lise do Departamento Intersindical de Estat\u00edstica e Estudos Socioecon\u00f4micos (Dieese), que apresentou dados sobre o impacto da crise causada pelo novo coronav\u00edrus na economia do Brasil e do mundo, al\u00e9m do desempenho do Ita\u00fa Unibanco ao longo de 2019 e no 1\u00ba trimestre de 2020.<\/p>\n<h3>Principais eixos<\/h3>\n<p>Dentre os debates realizados em torno dos principais eixos \u2013 emprego; sa\u00fade e condi\u00e7\u00f5es trabalho; e remunera\u00e7\u00e3o, os participantes definiram como pontos principais a serem debatidos pela COE junto ao Ita\u00fa Unibanco, a valoriza\u00e7\u00e3o da vida e da sa\u00fade dos empregados durante a pandemia bem como a garantia de emprego e como ser\u00e1 o retorno aos postos de trabalho com o m\u00e1ximo de seguran\u00e7a para os trabalhadores no p\u00f3s pandemia.<\/p>\n<p>No eixo remunera\u00e7\u00e3o, ficou definido que continuar\u00e3o os debates em rela\u00e7\u00e3o ao novo formato dos agentes de neg\u00f3cios e ser\u00e1 reivindicado que todos os caixas tenham a mesma oportunidade de fazer a certifica\u00e7\u00e3o CPA 10, sem nenhuma interfer\u00eancia.<\/p>\n<p>Tamb\u00e9m ser\u00e1 reivindicado que seja renovado o acordo de PCR e bolsa de estudo por dois anos. E em rela\u00e7\u00e3o ao AGIR, que j\u00e1 vem sendo discutido com o banco e n\u00e3o teve avan\u00e7os por conta da pandemia, ser\u00e1 reivindicado que o Ita\u00fa reveja o modelo de pontua\u00e7\u00e3o e que o banc\u00e1rio passe a receber proporcionalmente pelo que foi produzido para que contemple todos os trabalhadores, principalmente durante a pandemia.<\/p>\n<p>\u201cMesmo com a crise, conseguimos realizar nosso encontro e debater os pontos importantes para os banc\u00e1rios do Ita\u00fa. Inclusive aqueles que j\u00e1 vem sendo discutidos por meio da COE durante a pandemia. Foi poss\u00edvel ter um encontro produtivo e todos os 95 participantes do Brasil todo puderam ser contemplados com as suas reivindica\u00e7\u00f5es\u201d, disse Jair Alves, coordenador da COE Ita\u00fa.<\/p>\n<p>A pauta espec\u00edfica dos banc\u00e1rios do Ita\u00fa ser\u00e1 entregue o banco ap\u00f3s a finaliza\u00e7\u00e3o da Campanha Nacional 2020.<\/p>\n<p><strong>Fonte: Contraf-CUT<\/strong><\/p>\n","protected":false},"excerpt":{"rendered":"<p>Os delegados e delegadas que participaram do Encontro Nacional dos Trabalhadores do Ita\u00fa definiram a pauta de reivindica\u00e7\u00f5es espec\u00edficas para a Campanha Nacional 2020 em rela\u00e7\u00e3o \u00e0 Sa\u00fade e Condi\u00e7\u00f5es de Trabalho na pandemia e no p\u00f3s-pandemia de coronav\u00edrus (Covid-19); Empregos e Remunera\u00e7\u00e3o. O evento reuniu, de forma virtual, 95 representantes do Brasil todo, nesta [&hellip;]<\/p>\n","protected":false},"author":2,"featured_media":9245,"comment_status":"","ping_status":"","sticky":false,"template":"","format":"standard","meta":{"footnotes":""},"categories":[3],"tags":[],"class_list":["post-9246","post","type-post","status-publish","format-standard","has-post-thumbnail","hentry","category-noticias"],"_links":{"self":[{"href":"https:\/\/hostnetart.com.br\/baixada\/wp-json\/wp\/v2\/posts\/9246","targetHints":{"allow":["GET"]}}],"collection":[{"href":"https:\/\/hostnetart.com.br\/baixada\/wp-json\/wp\/v2\/posts"}],"about":[{"href":"https:\/\/hostnetart.com.br\/baixada\/wp-json\/wp\/v2\/types\/post"}],"author":[{"embeddable":true,"href":"https:\/\/hostnetart.com.br\/baixada\/wp-json\/wp\/v2\/users\/2"}],"replies":[{"embeddable":true,"href":"https:\/\/hostnetart.com.br\/baixada\/wp-json\/wp\/v2\/comments?post=9246"}],"version-history":[{"count":0,"href":"https:\/\/hostnetart.com.br\/baixada\/wp-json\/wp\/v2\/posts\/9246\/revisions"}],"wp:featuredmedia":[{"embeddable":true,"href":"https:\/\/hostnetart.com.br\/baixada\/wp-json\/wp\/v2\/media\/9245"}],"wp:attachment":[{"href":"https:\/\/hostnetart.com.br\/baixada\/wp-json\/wp\/v2\/media?parent=9246"}],"wp:term":[{"taxonomy":"category","embeddable":true,"href":"https:\/\/hostnetart.com.br\/baixada\/wp-json\/wp\/v2\/categories?post=9246"},{"taxonomy":"post_tag","embeddable":true,"href":"https:\/\/hostnetart.com.br\/baixada\/wp-json\/wp\/v2\/tags?post=9246"}],"curies":[{"name":"wp","href":"https:\/\/api.w.org\/{rel}","templated":true}]}}