{"id":9244,"date":"2020-07-16T03:27:36","date_gmt":"2020-07-16T06:27:36","guid":{"rendered":"https:\/\/hostnetart.com.br\/baixada\/bancarios-realizam-sua-22-conferencia-nacional-nesta-sexta-17-e-sabado-18\/"},"modified":"2020-07-16T03:27:36","modified_gmt":"2020-07-16T06:27:36","slug":"bancarios-realizam-sua-22-conferencia-nacional-nesta-sexta-17-e-sabado-18","status":"publish","type":"post","link":"https:\/\/hostnetart.com.br\/baixada\/bancarios-realizam-sua-22-conferencia-nacional-nesta-sexta-17-e-sabado-18\/","title":{"rendered":"Banc\u00e1rios realizam sua 22\u00aa Confer\u00eancia Nacional nesta sexta (17) e s\u00e1bado (18)"},"content":{"rendered":"<p>Banc\u00e1rios e banc\u00e1rias dos mais diversos bancos do pa\u00eds, p\u00fablicos e privados, se reunir\u00e3o, por videoconfer\u00eancia, a partir das 18h desta sexta-feira (17), em sua 22\u00aa Confer\u00eancia Nacional. A abertura solene, com transmiss\u00e3o ao vivo pelo Facebook e Youtube da Confedera\u00e7\u00e3o Nacional dos Trabalhadores do Ramo Financeiro (Contraf-CUT), a partir das 18h20, contar\u00e1 com as presen\u00e7as do ex-presidente Luiz In\u00e1cio Lula da Silva, do governador do Maranh\u00e3o, Flavio Dino, e do coordenador nacional do Movimento dos Trabalhadores Sem Teto, Guilherme Boulos. As atividades continuam no s\u00e1bado, a partir das 9h.<\/p>\n<p>A 22\u00aa Confer\u00eancia Nacional dos Banc\u00e1rios tem como um de seus principais objetivos a elabora\u00e7\u00e3o da minuta de reivindica\u00e7\u00f5es da Campanha Nacional, a partir das propostas apresentadas pelas bases sindicais de todo o pa\u00eds, apuradas pela Consulta Nacional \u00e0 categoria e debatidas pelas confer\u00eancias estaduais e regionais, pelos congressos e encontros de banc\u00e1rios de bancos p\u00fablicos e privados.<\/p>\n<p>\u201cNossa minuta de reivindica\u00e7\u00f5es nasce de um processo de escuta da categoria. Vamos trabalhar com os anseios de cada banc\u00e1rio e cada banc\u00e1ria de nosso pa\u00eds. Por isso, temos que ter muito cuidado, muito carinho e aten\u00e7\u00e3o aos debates que vamos realizar no pr\u00f3ximo final de semana para tomarmos as decis\u00f5es corretas\u201d, observou a presidenta da Confedera\u00e7\u00e3o Nacional dos Trabalhadores do Ramo Financeiro (Contraf-CUT), Juvandia Moreira, que coordena o Comando Nacional dos Banc\u00e1rios, respons\u00e1vel pela confer\u00eancia.<\/p>\n<h3>Negocia\u00e7\u00f5es<\/h3>\n<p>Ap\u00f3s aprovada na confer\u00eancia, a minuta de reivindica\u00e7\u00f5es \u00e9 apresentada \u00e0 Federa\u00e7\u00e3o Nacional dos Bancos (Fenaban) e, em seguida, come\u00e7am as negocia\u00e7\u00f5es da nova Conven\u00e7\u00e3o Coletiva de Trabalho (CCT) da categoria. A CCT atual tem vig\u00eancia somente at\u00e9 o 31 de agosto.<\/p>\n<p>\u201cA reforma trabalhista revogou a ultratividade dos acordos e conven\u00e7\u00f5es coletivas. E, recentemente, o presidente Bolsonaro vetou o artigo da MP 936 que a garantia a vig\u00eancia dos Acordos por todo o per\u00edodo em que perdurar a pandemia causada pelo novo coronav\u00edrus. Assim, se n\u00e3o concluirmos as negocia\u00e7\u00f5es at\u00e9 o final de agosto, todos os direitos previstos em nossa CCT perdem a validade e a categoria poder\u00e1 ficar sem os vales refei\u00e7\u00e3o e alimenta\u00e7\u00e3o, aux\u00edlios educa\u00e7\u00e3o, creche, bab\u00e1 e at\u00e9 as regras da PLR (Participa\u00e7\u00e3o nos Lucros e\/ou Resultados) podem sofrer altera\u00e7\u00f5es\u201d, explicou Juvandia.<\/p>\n<p>\u201cPor isso, \u00e9 muito importante que os banc\u00e1rios estejam atentos e se mobilizem para defenderem seus direitos. Estamos prontos para defendermos os direitos previstos em nossa CCT e lutarmos por aumento real de sal\u00e1rios e a manuten\u00e7\u00e3o de todas as demais cl\u00e1usulas econ\u00f4micas e sociais, mas nossa for\u00e7a vem da mobiliza\u00e7\u00e3o da categoria. Temos que nos unir ainda mais neste momento para realizar uma boa negocia\u00e7\u00e3o\u201d, concluiu Juvandia.<\/p>\n<h3>Veja abaixo a programa\u00e7\u00e3o.<\/h3>\n<p><strong>Sexta-feira, 17 de julho<\/p>\n<p><\/strong>18h \u2013 Vota\u00e7\u00e3o do Regimento Interno<br \/>18h20 \u2013 Abertura solene<\/p>\n<p><strong>S\u00e1bado, 18 de julho<\/p>\n<p><\/strong>9h \u2013 Mesa 1 \u2013 Conjuntura econ\u00f4mica<br \/>9h50 \u2013 Mesa 2 \u2013 Conjuntura pol\u00edtica e tribut\u00e1ria<br \/>10h45 \u2013 Mesa 3 \u2013 O sistema financeiro<\/p>\n<p>13h \u2013 Almo\u00e7o<\/p>\n<p>14h \u2013 Mesa 4 \u2013 Comunica\u00e7\u00e3o, organiza\u00e7\u00e3o e estrat\u00e9gia de atua\u00e7\u00e3o<br \/>15h \u2013 Mesa 5 \u2013 Aprova\u00e7\u00e3o da minuta, propostas, resolu\u00e7\u00f5es e mo\u00e7\u00f5es<\/p>\n<p><strong>Fonte: Contraf-CUT<\/strong><\/p>\n","protected":false},"excerpt":{"rendered":"<p>Banc\u00e1rios e banc\u00e1rias dos mais diversos bancos do pa\u00eds, p\u00fablicos e privados, se reunir\u00e3o, por videoconfer\u00eancia, a partir das 18h desta sexta-feira (17), em sua 22\u00aa Confer\u00eancia Nacional. A abertura solene, com transmiss\u00e3o ao vivo pelo Facebook e Youtube da Confedera\u00e7\u00e3o Nacional dos Trabalhadores do Ramo Financeiro (Contraf-CUT), a partir das 18h20, contar\u00e1 com as [&hellip;]<\/p>\n","protected":false},"author":2,"featured_media":9243,"comment_status":"","ping_status":"","sticky":false,"template":"","format":"standard","meta":{"footnotes":""},"categories":[3],"tags":[],"class_list":["post-9244","post","type-post","status-publish","format-standard","has-post-thumbnail","hentry","category-noticias"],"_links":{"self":[{"href":"https:\/\/hostnetart.com.br\/baixada\/wp-json\/wp\/v2\/posts\/9244","targetHints":{"allow":["GET"]}}],"collection":[{"href":"https:\/\/hostnetart.com.br\/baixada\/wp-json\/wp\/v2\/posts"}],"about":[{"href":"https:\/\/hostnetart.com.br\/baixada\/wp-json\/wp\/v2\/types\/post"}],"author":[{"embeddable":true,"href":"https:\/\/hostnetart.com.br\/baixada\/wp-json\/wp\/v2\/users\/2"}],"replies":[{"embeddable":true,"href":"https:\/\/hostnetart.com.br\/baixada\/wp-json\/wp\/v2\/comments?post=9244"}],"version-history":[{"count":0,"href":"https:\/\/hostnetart.com.br\/baixada\/wp-json\/wp\/v2\/posts\/9244\/revisions"}],"wp:featuredmedia":[{"embeddable":true,"href":"https:\/\/hostnetart.com.br\/baixada\/wp-json\/wp\/v2\/media\/9243"}],"wp:attachment":[{"href":"https:\/\/hostnetart.com.br\/baixada\/wp-json\/wp\/v2\/media?parent=9244"}],"wp:term":[{"taxonomy":"category","embeddable":true,"href":"https:\/\/hostnetart.com.br\/baixada\/wp-json\/wp\/v2\/categories?post=9244"},{"taxonomy":"post_tag","embeddable":true,"href":"https:\/\/hostnetart.com.br\/baixada\/wp-json\/wp\/v2\/tags?post=9244"}],"curies":[{"name":"wp","href":"https:\/\/api.w.org\/{rel}","templated":true}]}}