{"id":9242,"date":"2020-07-15T14:09:06","date_gmt":"2020-07-15T17:09:06","guid":{"rendered":"https:\/\/hostnetart.com.br\/baixada\/22-conferencia-nacional-dos-bancarios-esta-nas-redes-sociais\/"},"modified":"2020-07-15T14:09:06","modified_gmt":"2020-07-15T17:09:06","slug":"22-conferencia-nacional-dos-bancarios-esta-nas-redes-sociais","status":"publish","type":"post","link":"https:\/\/hostnetart.com.br\/baixada\/22-conferencia-nacional-dos-bancarios-esta-nas-redes-sociais\/","title":{"rendered":"22\u00aa Confer\u00eancia Nacional dos Banc\u00e1rios est\u00e1 nas redes sociais"},"content":{"rendered":"<p>A 22\u00aa Confer\u00eancia Nacional dos Banc\u00e1rios nem come\u00e7ou e j\u00e1 est\u00e1 chamando aten\u00e7\u00e3o nas redes sociais. Antenada com o novo estilo de comunica\u00e7\u00e3o digital, que ganhou muita for\u00e7a durante a pandemia causada pelo novo coronav\u00edrus (Covid-19), a Confedera\u00e7\u00e3o Nacional dos Trabalhadores do Ramo Financeiro (Contraf-CUT) fechou uma parceria com influenciadores digitais para a divulga\u00e7\u00e3o do evento em diversas redes.<\/p>\n<p>\u201cNosso objetivo sempre foi atingir o maior n\u00famero de pessoas, tanto dentro da categoria, como na popula\u00e7\u00e3o em geral. Como ficou claro durante a pandemia, o servi\u00e7o banc\u00e1rio \u00e9 essencial, por isso, precisamos contar com o apoio de todos os brasileiros para termos nosso trabalho valorizado\u201d, explicou Gerson Carlos Pereira, secret\u00e1rio de Comunica\u00e7\u00e3o da Contraf-CUT.<\/p>\n<p>O perfil Madruga Banc\u00e1rio, com 55 mil seguidores, vem chamando a aten\u00e7\u00e3o ao brincar com o cotidiano dos banc\u00e1rios no ambiente de trabalho por conta das metas alt\u00edssimas, situa\u00e7\u00f5es hil\u00e1rias com clientes e at\u00e9 mesmo na virada do m\u00eas, quando \u00e9 creditado os vales refei\u00e7\u00e3o e alimenta\u00e7\u00e3o. J\u00e1 Pedro Ottoni \u00e9 ator, humorista e youtuber, com cerca de 400 mil seguidores em seus perfis nas redes sociais.<\/p>\n<p>\u201cAmbos acertaram conosco de postar nossos materiais de divulga\u00e7\u00e3o e convidar seus p\u00fablicos a participarem da Confer\u00eancia. Participe voc\u00ea tamb\u00e9m\u201d, completou Gerson Carlos Pereira.<\/p>\n<p>O evento ser\u00e1 realizado na pr\u00f3xima sexta-feira (17) e s\u00e1bado (18) por videoconfer\u00eancia. A transmiss\u00e3o ser\u00e1 feita pelo canal da Contraf-CUT no Youtube e pela p\u00e1gina da Contraf-CUT no Facebook.<\/p>\n<p><strong>Fonte: Contraf-CUT<\/strong><\/p>\n","protected":false},"excerpt":{"rendered":"<p>A 22\u00aa Confer\u00eancia Nacional dos Banc\u00e1rios nem come\u00e7ou e j\u00e1 est\u00e1 chamando aten\u00e7\u00e3o nas redes sociais. Antenada com o novo estilo de comunica\u00e7\u00e3o digital, que ganhou muita for\u00e7a durante a pandemia causada pelo novo coronav\u00edrus (Covid-19), a Confedera\u00e7\u00e3o Nacional dos Trabalhadores do Ramo Financeiro (Contraf-CUT) fechou uma parceria com influenciadores digitais para a divulga\u00e7\u00e3o do [&hellip;]<\/p>\n","protected":false},"author":2,"featured_media":9241,"comment_status":"","ping_status":"","sticky":false,"template":"","format":"standard","meta":{"footnotes":""},"categories":[3],"tags":[],"class_list":["post-9242","post","type-post","status-publish","format-standard","has-post-thumbnail","hentry","category-noticias"],"_links":{"self":[{"href":"https:\/\/hostnetart.com.br\/baixada\/wp-json\/wp\/v2\/posts\/9242","targetHints":{"allow":["GET"]}}],"collection":[{"href":"https:\/\/hostnetart.com.br\/baixada\/wp-json\/wp\/v2\/posts"}],"about":[{"href":"https:\/\/hostnetart.com.br\/baixada\/wp-json\/wp\/v2\/types\/post"}],"author":[{"embeddable":true,"href":"https:\/\/hostnetart.com.br\/baixada\/wp-json\/wp\/v2\/users\/2"}],"replies":[{"embeddable":true,"href":"https:\/\/hostnetart.com.br\/baixada\/wp-json\/wp\/v2\/comments?post=9242"}],"version-history":[{"count":0,"href":"https:\/\/hostnetart.com.br\/baixada\/wp-json\/wp\/v2\/posts\/9242\/revisions"}],"wp:featuredmedia":[{"embeddable":true,"href":"https:\/\/hostnetart.com.br\/baixada\/wp-json\/wp\/v2\/media\/9241"}],"wp:attachment":[{"href":"https:\/\/hostnetart.com.br\/baixada\/wp-json\/wp\/v2\/media?parent=9242"}],"wp:term":[{"taxonomy":"category","embeddable":true,"href":"https:\/\/hostnetart.com.br\/baixada\/wp-json\/wp\/v2\/categories?post=9242"},{"taxonomy":"post_tag","embeddable":true,"href":"https:\/\/hostnetart.com.br\/baixada\/wp-json\/wp\/v2\/tags?post=9242"}],"curies":[{"name":"wp","href":"https:\/\/api.w.org\/{rel}","templated":true}]}}