{"id":9240,"date":"2020-07-15T14:04:12","date_gmt":"2020-07-15T17:04:12","guid":{"rendered":"https:\/\/hostnetart.com.br\/baixada\/bancarios-do-bradesco-definem-pauta-de-reivindicacoes-especificas\/"},"modified":"2020-07-15T14:04:12","modified_gmt":"2020-07-15T17:04:12","slug":"bancarios-do-bradesco-definem-pauta-de-reivindicacoes-especificas","status":"publish","type":"post","link":"https:\/\/hostnetart.com.br\/baixada\/bancarios-do-bradesco-definem-pauta-de-reivindicacoes-especificas\/","title":{"rendered":"Banc\u00e1rios do Bradesco definem pauta de reivindica\u00e7\u00f5es espec\u00edficas"},"content":{"rendered":"<p>Banc\u00e1rios do Bradesco definiram, na noite desta ter\u00e7a-feira (14), a pauta de reivindica\u00e7\u00f5es espec\u00edficas para a Campanha Nacional 2020. O Encontro Nacional dos Funcion\u00e1rios do Banco Bradesco, realizado por videoconfer\u00eancia, tamb\u00e9m debateu pontos gerais da campanha, que ser\u00e3o apresentados na Confer\u00eancia Nacional dos Banc\u00e1rios, que ser\u00e1 realizada nesta sexta-feira (17) e s\u00e1bado (18).<\/p>\n<p>Os debates giraram em torno da garantia da mesa \u00fanica de negocia\u00e7\u00e3o, garantia do emprego, defesa da Conven\u00e7\u00e3o Coletiva de trabalho (CCT), defesa das empresas p\u00fablicas, teletrabalho e Fora Bolsonaro.<\/p>\n<p>\u201cMesmo sendo a primeira vez que fizemos este evento de forma virtual, o debate foi de alto n\u00edvel e chegamos a uma pauta que defende o interesse de todos. Por isso, temos a certeza que hoje sa\u00edmos ainda mais unidos na luta pela defesa dos nossos direitos\u201d, afirmou Magaly Fagundes, coordenadora da Comiss\u00e3o de Organiza\u00e7\u00e3o de Empresas (COE) do Bradesco.<\/p>\n<h3>Desempenho do banco<\/h3>\n<p>Antes do debate sobre os pontos das pautas, os participantes do evento assistiram duas palestras. Vivian Machado, economista da subse\u00e7\u00e3o do Departamento Intersindical de Estat\u00edstica e Estudos Socioecon\u00f4micos (Dieese) na Confedera\u00e7\u00e3o Nacional dos Trabalhadores do Ramo Financeiro (Contraf-CUT), analisou o balan\u00e7o do banco do primeiro trimestre de 2020, na compara\u00e7\u00e3o com o ano passado.<\/p>\n<p>\u201cO banco, apesar da queda no resultado, segue forte e d\u00e1 pistas de que manter\u00e1 grande parte do seu quadro em home office, apostando no digital. Importante atentar para o significativo fechamento de ag\u00eancias de postos e de trabalho em 12 meses e para o compromisso de n\u00e3o demiss\u00e3o durante o per\u00edodo da pandemia a ser verificado quando sair o balan\u00e7o do semestre ao final desse m\u00eas\u201d, lembrou Vivian.<\/p>\n<h3>Transforma\u00e7\u00e3o do mundo do trabalho<\/h3>\n<p>J\u00e1 Clemente Ganz L\u00facio, ex-diretor t\u00e9cnico do Dieese, falou sobre a transforma\u00e7\u00e3o da organiza\u00e7\u00e3o sindical diante dos impactos causados pelos avan\u00e7os tecnol\u00f3gicos no mundo do trabalho. Abordou ainda os avan\u00e7os da tecnologia que foram agilizados pela pandemia causada pelo novo coronav\u00edrus (Covid-19).<\/p>\n<p>\u201cNossas tarefas agora ser\u00e3o enfrentar a crise atual, fazer uma boa campanha salarial e pensar os sindicatos, como instrumentos capazes de serem efetivamente escudos de prote\u00e7\u00e3o \u00e0 classe trabalhadora e ao mesmo tempo um grande protagonista na disputa da democracia\u201d, alertou.<\/p>\n<p><strong>Fonte: Contraf-CUT<\/strong><\/p>\n","protected":false},"excerpt":{"rendered":"<p>Banc\u00e1rios do Bradesco definiram, na noite desta ter\u00e7a-feira (14), a pauta de reivindica\u00e7\u00f5es espec\u00edficas para a Campanha Nacional 2020. O Encontro Nacional dos Funcion\u00e1rios do Banco Bradesco, realizado por videoconfer\u00eancia, tamb\u00e9m debateu pontos gerais da campanha, que ser\u00e3o apresentados na Confer\u00eancia Nacional dos Banc\u00e1rios, que ser\u00e1 realizada nesta sexta-feira (17) e s\u00e1bado (18). Os debates [&hellip;]<\/p>\n","protected":false},"author":2,"featured_media":9239,"comment_status":"","ping_status":"","sticky":false,"template":"","format":"standard","meta":{"footnotes":""},"categories":[3],"tags":[],"class_list":["post-9240","post","type-post","status-publish","format-standard","has-post-thumbnail","hentry","category-noticias"],"_links":{"self":[{"href":"https:\/\/hostnetart.com.br\/baixada\/wp-json\/wp\/v2\/posts\/9240","targetHints":{"allow":["GET"]}}],"collection":[{"href":"https:\/\/hostnetart.com.br\/baixada\/wp-json\/wp\/v2\/posts"}],"about":[{"href":"https:\/\/hostnetart.com.br\/baixada\/wp-json\/wp\/v2\/types\/post"}],"author":[{"embeddable":true,"href":"https:\/\/hostnetart.com.br\/baixada\/wp-json\/wp\/v2\/users\/2"}],"replies":[{"embeddable":true,"href":"https:\/\/hostnetart.com.br\/baixada\/wp-json\/wp\/v2\/comments?post=9240"}],"version-history":[{"count":0,"href":"https:\/\/hostnetart.com.br\/baixada\/wp-json\/wp\/v2\/posts\/9240\/revisions"}],"wp:featuredmedia":[{"embeddable":true,"href":"https:\/\/hostnetart.com.br\/baixada\/wp-json\/wp\/v2\/media\/9239"}],"wp:attachment":[{"href":"https:\/\/hostnetart.com.br\/baixada\/wp-json\/wp\/v2\/media?parent=9240"}],"wp:term":[{"taxonomy":"category","embeddable":true,"href":"https:\/\/hostnetart.com.br\/baixada\/wp-json\/wp\/v2\/categories?post=9240"},{"taxonomy":"post_tag","embeddable":true,"href":"https:\/\/hostnetart.com.br\/baixada\/wp-json\/wp\/v2\/tags?post=9240"}],"curies":[{"name":"wp","href":"https:\/\/api.w.org\/{rel}","templated":true}]}}