{"id":9238,"date":"2020-07-14T23:03:16","date_gmt":"2020-07-15T02:03:16","guid":{"rendered":"https:\/\/hostnetart.com.br\/baixada\/bancarios-do-santander-definem-estrategias-de-atuacao\/"},"modified":"2020-07-14T23:03:16","modified_gmt":"2020-07-15T02:03:16","slug":"bancarios-do-santander-definem-estrategias-de-atuacao","status":"publish","type":"post","link":"https:\/\/hostnetart.com.br\/baixada\/bancarios-do-santander-definem-estrategias-de-atuacao\/","title":{"rendered":"Banc\u00e1rios do Santander definem estrat\u00e9gias de atua\u00e7\u00e3o"},"content":{"rendered":"<p>Banc\u00e1rios do Santander se reuniram nesta ter\u00e7a-feira (14), por videoconfer\u00eancia, para debater sobre as condi\u00e7\u00f5es de trabalho no banco em meio \u00e0 pandemia do coronav\u00edrus e tra\u00e7ar os pr\u00f3ximos passos para a luta em defesa dos direitos, do emprego, da sa\u00fade e da renda dos funcion\u00e1rios.<\/p>\n<p>\u201cNosso Acordo Coletivo de Trabalho j\u00e1 foi assinado, mas existe ainda muita coisa a ser conquistada, tanto aquelas espec\u00edficas do banco, quanto as que s\u00e3o negociadas na mesa com a Fenaban (Federa\u00e7\u00e3o Nacional dos Bancos). Por isso, foi muito importante termos realizado este encontro\u201d, disse o secret\u00e1rio de Assuntos Socioecon\u00f4micos e representante da Confedera\u00e7\u00e3o Nacional dos Trabalhadores do Ramo Financeiro (Contraf-CUT) nas negocia\u00e7\u00f5es com o banco, Mario Raia. \u201cTamb\u00e9m pudemos alinhar nossa atua\u00e7\u00e3o contra a cobran\u00e7a de metas abusivas pelo banco e contra as demiss\u00f5es que est\u00e3o ocorrendo quando aos banc\u00e1rios n\u00e3o conseguem cumprir estas metas\u201d, completou.<\/p>\n<h3>\u201cO sindicato no mundo digital\u201d<\/h3>\n<p>Para o dirigente da Contraf-CUT, os sindicatos dos banc\u00e1rios s\u00e3o reconhecidos por sua constante presen\u00e7a nos locais de trabalho da categoria. \u201cEste \u00e9 o segredo do sucesso do movimento sindical banc\u00e1rio. E ser\u00e1 mantido. Mas, neste momento de isolamento social, com grande parte dos funcion\u00e1rios trabalhando em home office, precisamos utilizar novas formas de comunica\u00e7\u00e3o e mobiliza\u00e7\u00e3o\u201d, disse Mario. \u201cSe n\u00e3o podemos marcar presen\u00e7a nos locais de trabalho, temos que fazer isso de outra forma. Por isso, usamos o encontro, tamb\u00e9m, para ampliarmos e aprimorarmos nossos conhecimentos de outras formas para nos comunicarmos com os banc\u00e1rios, onde quer que eles estejam\u201d, explicou.<\/p>\n<p>O consultor em comunica\u00e7\u00e3o, internet, redes sociais e TI, Ricardo Negr\u00e3o, foi o respons\u00e1vel pelo momento de forma\u00e7\u00e3o do encontro. Negr\u00e3o falou sobre as mudan\u00e7as necess\u00e1rias para a atua\u00e7\u00e3o em rede.<\/p>\n<p>\u201cEssa experi\u00eancia presencial n\u00e3o \u00e9 mais poss\u00edvel e o m\u00e9todo tradicional de distribui\u00e7\u00e3o de conte\u00fados n\u00e3o funciona mais. \u00c9 aqui que entra a comunica\u00e7\u00e3o. E os sindicatos precisar\u00e3o investir para que ela aconte\u00e7a efetivamente e possa auxiliar na continuidade do relacionamento com as bases\u201d, alertou o consultor.<\/p>\n<p>\u201cO banc\u00e1rio, assim como qualquer outra pessoa \u00e9 impactado a todo momento por diferentes m\u00e9todos e canais. N\u00f3s tamb\u00e9m precisamos pensar em como atingi-lo\u201d, disse Negr\u00e3o. \u201cMas, n\u00e3o basta pensar na distribui\u00e7\u00e3o do conte\u00fado. Antes precisamos definir objetivos e estrat\u00e9gias, com base em pesquisas. Escolher temas, linguagem, palavras-chave e quais canais ser\u00e3o utilizados. Somente depois disso vamos produzir e a\u00ed, todos temos que colocar a m\u00e3o na massa para a mensagem chegar onde a gente quer que ela chegue\u201d, completou.<\/p>\n<p>Negr\u00e3o tamb\u00e9m disse que, com a campanha em andamento \u00e9 preciso monitoramento para saber se ela est\u00e1 atingindo o p\u00fablico definido e, se for o caso, realizar mudan\u00e7as para melhorar seu desempenho.<\/p>\n<h3>Resolu\u00e7\u00f5es<\/h3>\n<p>O encontro tamb\u00e9m definiu pautas a serem levadas para debate na 22\u00aa Confer\u00eancia Nacional dos Banc\u00e1rios, que ser\u00e1 realizada na pr\u00f3xima sexta-feira (17) e s\u00e1bado (18), tamb\u00e9m por videoconfer\u00eancia.<\/p>\n<p><strong>Fonte: Contraf-CUT<\/strong><\/p>\n","protected":false},"excerpt":{"rendered":"<p>Banc\u00e1rios do Santander se reuniram nesta ter\u00e7a-feira (14), por videoconfer\u00eancia, para debater sobre as condi\u00e7\u00f5es de trabalho no banco em meio \u00e0 pandemia do coronav\u00edrus e tra\u00e7ar os pr\u00f3ximos passos para a luta em defesa dos direitos, do emprego, da sa\u00fade e da renda dos funcion\u00e1rios. \u201cNosso Acordo Coletivo de Trabalho j\u00e1 foi assinado, mas [&hellip;]<\/p>\n","protected":false},"author":2,"featured_media":9237,"comment_status":"","ping_status":"","sticky":false,"template":"","format":"standard","meta":{"footnotes":""},"categories":[3],"tags":[],"class_list":["post-9238","post","type-post","status-publish","format-standard","has-post-thumbnail","hentry","category-noticias"],"_links":{"self":[{"href":"https:\/\/hostnetart.com.br\/baixada\/wp-json\/wp\/v2\/posts\/9238","targetHints":{"allow":["GET"]}}],"collection":[{"href":"https:\/\/hostnetart.com.br\/baixada\/wp-json\/wp\/v2\/posts"}],"about":[{"href":"https:\/\/hostnetart.com.br\/baixada\/wp-json\/wp\/v2\/types\/post"}],"author":[{"embeddable":true,"href":"https:\/\/hostnetart.com.br\/baixada\/wp-json\/wp\/v2\/users\/2"}],"replies":[{"embeddable":true,"href":"https:\/\/hostnetart.com.br\/baixada\/wp-json\/wp\/v2\/comments?post=9238"}],"version-history":[{"count":0,"href":"https:\/\/hostnetart.com.br\/baixada\/wp-json\/wp\/v2\/posts\/9238\/revisions"}],"wp:featuredmedia":[{"embeddable":true,"href":"https:\/\/hostnetart.com.br\/baixada\/wp-json\/wp\/v2\/media\/9237"}],"wp:attachment":[{"href":"https:\/\/hostnetart.com.br\/baixada\/wp-json\/wp\/v2\/media?parent=9238"}],"wp:term":[{"taxonomy":"category","embeddable":true,"href":"https:\/\/hostnetart.com.br\/baixada\/wp-json\/wp\/v2\/categories?post=9238"},{"taxonomy":"post_tag","embeddable":true,"href":"https:\/\/hostnetart.com.br\/baixada\/wp-json\/wp\/v2\/tags?post=9238"}],"curies":[{"name":"wp","href":"https:\/\/api.w.org\/{rel}","templated":true}]}}