{"id":9234,"date":"2020-07-14T03:03:12","date_gmt":"2020-07-14T06:03:12","guid":{"rendered":"https:\/\/hostnetart.com.br\/baixada\/encontro-nacional-dos-bancarios-do-santander-ocorre-nesta-terca-14\/"},"modified":"2020-07-14T03:03:12","modified_gmt":"2020-07-14T06:03:12","slug":"encontro-nacional-dos-bancarios-do-santander-ocorre-nesta-terca-14","status":"publish","type":"post","link":"https:\/\/hostnetart.com.br\/baixada\/encontro-nacional-dos-bancarios-do-santander-ocorre-nesta-terca-14\/","title":{"rendered":"Encontro Nacional dos Banc\u00e1rios do Santander ocorre nesta ter\u00e7a (14)"},"content":{"rendered":"<p>O Encontro Nacional dos Funcion\u00e1rios do Banco Santander ocorre nesta ter\u00e7a-feira (14), a partir das 9h. A atividade faz parte do calend\u00e1rio da Campanha Nacional dos Banc\u00e1rios e definir\u00e1 o plano de lutas espec\u00edficas. Como o Acordo Coletivo de Trabalho (ACT) dos funcion\u00e1rios do Santander j\u00e1 foi\u00a0<a href=\"https:\/\/contrafcut.com.br\/noticias\/bancarios-do-santander-aprovaram-acordos-com-o-banco\/\" target=\"_blank\" rel=\"noopener noreferrer\">aprovado e assinado<\/a>, o encontro tamb\u00e9m ser\u00e1 utilizado para forma\u00e7\u00e3o sobre comunica\u00e7\u00e3o em rede.<\/p>\n<p>\u201c\u00c9 um mais um importante momento da Campanha Nacional, no qual definiremos quest\u00f5es sobre nossas lutas espec\u00edficas. Mas, tamb\u00e9m vamos buscar capacitar os participantes para atuarem, transmitirem informa\u00e7\u00f5es e mobilizarem as bases de uma maneira mais eficiente e eficaz\u201d, disse o secret\u00e1rio de Assuntos Socioecon\u00f4micos e representante da Confedera\u00e7\u00e3o Nacional dos Trabalhadores do Ramo Financeiro (Contraf-CUT) nas negocia\u00e7\u00f5es com o banco, Mario Raia.<\/p>\n<p>Mario ressaltou a import\u00e2ncia do momento de forma\u00e7\u00e3o dos participantes sobre comunica\u00e7\u00e3o em rede. \u201cTodos sabemos que, para uma campanha ter \u00eaxito, a categoria precisa estar mobilizada e disposta a participar das atividades propostas pelo sindicato. Para isso, neste momento de isolamento social, com grande parte dos funcion\u00e1rios trabalhando em home office, precisamos utilizar novas formas de comunica\u00e7\u00e3o\u201d, explicou. \u201cPor isso, al\u00e9m de oficinas pr\u00e1ticas, queremos mostrar a import\u00e2ncia da comunica\u00e7\u00e3o em rede e mostrar que ele pode e deve acontecer para al\u00e9m das redes sociais e, al\u00e9m da categoria, precisa informar e mobilizar a sociedade\u201d, concluiu o dirigente da Contraf-CUT (<em>veja abaixo a programa\u00e7\u00e3o do encontro<\/em>).<\/p>\n<h3>Outros bancos<\/h3>\n<p>Al\u00e9m dos banc\u00e1rios do Santander, os\u00a0<a href=\"https:\/\/contrafcut.com.br\/noticias\/36o-conecef-define-pauta-de-reivindicacoes-especifica-campanha-nacional-2020\/\" target=\"_blank\" rel=\"noopener noreferrer\">empregados da Caixa<\/a>, os\u00a0<a href=\"https:\/\/contrafcut.com.br\/noticias\/funcionarios-do-banco-do-brasil-definem-reivindicacoes-especificas-para-a-campanha-nacional-dos-bancarios\/\" target=\"_blank\" rel=\"noopener noreferrer\">funcion\u00e1rios do Banco do Brasil<\/a>, do\u00a0<a href=\"http:\/\/www.bancariosce.org.br\/noticias_detalhes.php?cod_noticia=22722&amp;cod_secao=1\" target=\"_blank\" rel=\"noopener noreferrer\">Banco do Nordeste do Brasil<\/a>\u00a0e do Banco da Amaz\u00f4nia j\u00e1 realizaram seus encontros nacionais no \u00faltimo final de semana (10 a 12\/7) e os banc\u00e1rios do Ita\u00fa e do Bradesco realizar\u00e3o seus encontros tamb\u00e9m nesta ter\u00e7a-feira (14). E, na sexta-feira e s\u00e1bado (17 e 18), ser\u00e1 realizada a 22\u00aa Confer\u00eancia Nacional dos Banc\u00e1rios. Todos os encontros foram ou ser\u00e3o realizados por videoconfer\u00eancia, em decorr\u00eancia da pandemia causada pelo novo coronav\u00edrus.<\/p>\n<p><strong>ENCONTRO NACIONAL DE BANCOS PRIVADOS 2020 \u2013 SANTANDER<br \/>14 DE JULHO DE 2020 \u2013 Das 9h \u00e0s 12h horas<br \/><\/strong><br \/><strong>Programa\u00e7\u00e3o:<\/p>\n<p><\/strong>9h \u2013 Abertura<br \/>9h11 \u2013 Comunica\u00e7\u00e3o em Rede<br \/>9h51 \u2013 Perguntas sobre Comunica\u00e7\u00e3o em Rede<br \/>10h11 \u2013 Pausa<br \/>10h21 \u2013 Plano de Lutas<br \/>11h21 \u2013 Informe Banesprev \u2013 Cabesp \u2013 SantanderPrevi<br \/>11h51 \u2013 Aprova\u00e7\u00e3o de mo\u00e7\u00f5es e\/ou resolu\u00e7\u00f5es<\/p>\n<p><strong>Fonte: Contraf-CUT<\/strong><\/p>\n","protected":false},"excerpt":{"rendered":"<p>O Encontro Nacional dos Funcion\u00e1rios do Banco Santander ocorre nesta ter\u00e7a-feira (14), a partir das 9h. A atividade faz parte do calend\u00e1rio da Campanha Nacional dos Banc\u00e1rios e definir\u00e1 o plano de lutas espec\u00edficas. Como o Acordo Coletivo de Trabalho (ACT) dos funcion\u00e1rios do Santander j\u00e1 foi\u00a0aprovado e assinado, o encontro tamb\u00e9m ser\u00e1 utilizado para [&hellip;]<\/p>\n","protected":false},"author":2,"featured_media":9233,"comment_status":"","ping_status":"","sticky":false,"template":"","format":"standard","meta":{"footnotes":""},"categories":[3],"tags":[],"class_list":["post-9234","post","type-post","status-publish","format-standard","has-post-thumbnail","hentry","category-noticias"],"_links":{"self":[{"href":"https:\/\/hostnetart.com.br\/baixada\/wp-json\/wp\/v2\/posts\/9234","targetHints":{"allow":["GET"]}}],"collection":[{"href":"https:\/\/hostnetart.com.br\/baixada\/wp-json\/wp\/v2\/posts"}],"about":[{"href":"https:\/\/hostnetart.com.br\/baixada\/wp-json\/wp\/v2\/types\/post"}],"author":[{"embeddable":true,"href":"https:\/\/hostnetart.com.br\/baixada\/wp-json\/wp\/v2\/users\/2"}],"replies":[{"embeddable":true,"href":"https:\/\/hostnetart.com.br\/baixada\/wp-json\/wp\/v2\/comments?post=9234"}],"version-history":[{"count":0,"href":"https:\/\/hostnetart.com.br\/baixada\/wp-json\/wp\/v2\/posts\/9234\/revisions"}],"wp:featuredmedia":[{"embeddable":true,"href":"https:\/\/hostnetart.com.br\/baixada\/wp-json\/wp\/v2\/media\/9233"}],"wp:attachment":[{"href":"https:\/\/hostnetart.com.br\/baixada\/wp-json\/wp\/v2\/media?parent=9234"}],"wp:term":[{"taxonomy":"category","embeddable":true,"href":"https:\/\/hostnetart.com.br\/baixada\/wp-json\/wp\/v2\/categories?post=9234"},{"taxonomy":"post_tag","embeddable":true,"href":"https:\/\/hostnetart.com.br\/baixada\/wp-json\/wp\/v2\/tags?post=9234"}],"curies":[{"name":"wp","href":"https:\/\/api.w.org\/{rel}","templated":true}]}}