{"id":9232,"date":"2020-07-14T03:02:02","date_gmt":"2020-07-14T06:02:02","guid":{"rendered":"https:\/\/hostnetart.com.br\/baixada\/bancarios-do-itau-realizam-encontro-nacional-nesta-terca-14\/"},"modified":"2020-07-14T03:02:02","modified_gmt":"2020-07-14T06:02:02","slug":"bancarios-do-itau-realizam-encontro-nacional-nesta-terca-14","status":"publish","type":"post","link":"https:\/\/hostnetart.com.br\/baixada\/bancarios-do-itau-realizam-encontro-nacional-nesta-terca-14\/","title":{"rendered":"Banc\u00e1rios do Ita\u00fa realizam Encontro Nacional nesta ter\u00e7a (14)"},"content":{"rendered":"<p>O Encontro Nacional dos Funcion\u00e1rios do Ita\u00fa ser\u00e1 realizado nesta ter\u00e7a-feira (14), a partir das 15h. A atividade faz parte do calend\u00e1rio da Campanha Nacional dos Banc\u00e1rios e definir\u00e1 o plano de lutas espec\u00edficas.<\/p>\n<p>\u201cO momento que vivemos nos imp\u00f5e muitas dificuldades, por isso, \u00a0teremos que ter muita unidade e disposi\u00e7\u00e3o de luta para sairmos vitoriosos neste ano\u201d, disse Jair Alves, coordenadora da Comiss\u00e3o de Organiza\u00e7\u00e3o dos Empregados (COE) Ita\u00fa.<\/p>\n<h3>Outros bancos<\/h3>\n<p>Al\u00e9m dos banc\u00e1rios do Ita\u00fa, os empregados da Caixa, os funcion\u00e1rios do Banco do Brasil, do Banco do Nordeste do Brasil e do Banco da Amaz\u00f4nia j\u00e1 realizaram seus encontros nacionais no \u00faltimo final de semana (10 a 12\/7) e os banc\u00e1rios do Bradesco e do Santander realizar\u00e3o seus encontros tamb\u00e9m nesta ter\u00e7a-feira (14). E, na sexta-feira e s\u00e1bado (17 e 18), ser\u00e1 realizada a 22\u00aa Confer\u00eancia Nacional dos Banc\u00e1rios. Todos os encontros foram ou ser\u00e3o realizados por videoconfer\u00eancia, em decorr\u00eancia da pandemia causada pelo novo coronav\u00edrus.<\/p>\n<h3>Programa\u00e7\u00e3o<\/h3>\n<p><strong>15h\u00a0<\/strong>\u2013 Abertura e apresenta\u00e7\u00e3o do Encontro pela coordena\u00e7\u00e3o<br \/><strong>15h30<\/strong>\u00a0\u2013 An\u00e1lise de Conjuntura Nacional<br \/><em>Ivone Maria da Silva \u2013 Presidenta Sindicato Banc\u00e1rios de S\u00e3o Paulo, Osasco e Regi\u00e3o e coordenadora do Comando Nacional dos Banc\u00e1rios<\/em><\/p>\n<p><strong>16h\u00a0<\/strong>\u2013 An\u00e1lise dos Dados de Emprego, posi\u00e7\u00e3o de ag\u00eancias e balan\u00e7o trimestral do Banco Ita\u00fa-Unibanco.<br \/><em>C\u00e1tia Uehara \u2013 Economista e T\u00e9cnica do Dieese na Subse\u00e7\u00e3o dos Banc\u00e1rios de S\u00e3o Paulo<\/em><\/p>\n<p>16h30 \u2013 Debate.<br \/>17h \u2013 Encaminhamentos<br \/><em>Tem\u00e1rio: Emprego, sa\u00fade e remunera\u00e7\u00e3o.<\/em><\/p>\n<p><strong>18h30<\/strong>\u00a0\u2013 Encerramento.<\/p>\n<p><span style=\"text-decoration: underline;\"><strong>Fonte: Contraf-CUT<\/strong><\/span><\/p>\n","protected":false},"excerpt":{"rendered":"<p>O Encontro Nacional dos Funcion\u00e1rios do Ita\u00fa ser\u00e1 realizado nesta ter\u00e7a-feira (14), a partir das 15h. A atividade faz parte do calend\u00e1rio da Campanha Nacional dos Banc\u00e1rios e definir\u00e1 o plano de lutas espec\u00edficas. \u201cO momento que vivemos nos imp\u00f5e muitas dificuldades, por isso, \u00a0teremos que ter muita unidade e disposi\u00e7\u00e3o de luta para sairmos [&hellip;]<\/p>\n","protected":false},"author":2,"featured_media":9231,"comment_status":"","ping_status":"","sticky":false,"template":"","format":"standard","meta":{"footnotes":""},"categories":[3],"tags":[],"class_list":["post-9232","post","type-post","status-publish","format-standard","has-post-thumbnail","hentry","category-noticias"],"_links":{"self":[{"href":"https:\/\/hostnetart.com.br\/baixada\/wp-json\/wp\/v2\/posts\/9232","targetHints":{"allow":["GET"]}}],"collection":[{"href":"https:\/\/hostnetart.com.br\/baixada\/wp-json\/wp\/v2\/posts"}],"about":[{"href":"https:\/\/hostnetart.com.br\/baixada\/wp-json\/wp\/v2\/types\/post"}],"author":[{"embeddable":true,"href":"https:\/\/hostnetart.com.br\/baixada\/wp-json\/wp\/v2\/users\/2"}],"replies":[{"embeddable":true,"href":"https:\/\/hostnetart.com.br\/baixada\/wp-json\/wp\/v2\/comments?post=9232"}],"version-history":[{"count":0,"href":"https:\/\/hostnetart.com.br\/baixada\/wp-json\/wp\/v2\/posts\/9232\/revisions"}],"wp:featuredmedia":[{"embeddable":true,"href":"https:\/\/hostnetart.com.br\/baixada\/wp-json\/wp\/v2\/media\/9231"}],"wp:attachment":[{"href":"https:\/\/hostnetart.com.br\/baixada\/wp-json\/wp\/v2\/media?parent=9232"}],"wp:term":[{"taxonomy":"category","embeddable":true,"href":"https:\/\/hostnetart.com.br\/baixada\/wp-json\/wp\/v2\/categories?post=9232"},{"taxonomy":"post_tag","embeddable":true,"href":"https:\/\/hostnetart.com.br\/baixada\/wp-json\/wp\/v2\/tags?post=9232"}],"curies":[{"name":"wp","href":"https:\/\/api.w.org\/{rel}","templated":true}]}}