{"id":9230,"date":"2020-07-14T03:00:28","date_gmt":"2020-07-14T06:00:28","guid":{"rendered":"https:\/\/hostnetart.com.br\/baixada\/bancarios-do-bradesco-se-reunem-em-encontro-nacional-nesta-terca-14\/"},"modified":"2020-07-14T03:00:28","modified_gmt":"2020-07-14T06:00:28","slug":"bancarios-do-bradesco-se-reunem-em-encontro-nacional-nesta-terca-14","status":"publish","type":"post","link":"https:\/\/hostnetart.com.br\/baixada\/bancarios-do-bradesco-se-reunem-em-encontro-nacional-nesta-terca-14\/","title":{"rendered":"Banc\u00e1rios do Bradesco se re\u00fanem em Encontro Nacional nesta ter\u00e7a (14)"},"content":{"rendered":"<p>O Encontro Nacional dos Funcion\u00e1rios do Banco Bradesco ocorre nesta ter\u00e7a-feira (14), a partir das 15h. A atividade faz parte do calend\u00e1rio da Campanha Nacional dos Banc\u00e1rios e definir\u00e1 o plano de lutas espec\u00edficas.<\/p>\n<p>\u201c\u00c9 mais um passo importante na constru\u00e7\u00e3o da Campanha Nacional 2020. O momento que vivemos nos imp\u00f5e muitas dificuldades. Mas, tenho certeza que com muita unidade e luta sairemos vitoriosos neste ano\u201d, disse Magaly Fagundes, coordenadora da Comiss\u00e3o de Organiza\u00e7\u00e3o dos Empregados (COE) Bradesco.<\/p>\n<h3>Outros bancos<\/h3>\n<p>Al\u00e9m dos banc\u00e1rios do Bradesco, os empregados da Caixa, os funcion\u00e1rios do Banco do Brasil, do Banco do Nordeste do Brasil e do Banco da Amaz\u00f4nia j\u00e1 realizaram seus encontros nacionais no \u00faltimo final de semana (10 a 12\/7) e os banc\u00e1rios do Ita\u00fa e do Santander realizar\u00e3o seus encontros tamb\u00e9m nesta ter\u00e7a-feira (14). E, na sexta-feira e s\u00e1bado (17 e 18), ser\u00e1 realizada a 22\u00aa Confer\u00eancia Nacional dos Banc\u00e1rios. Todos os encontros foram ou ser\u00e3o realizados por videoconfer\u00eancia, em decorr\u00eancia da pandemia causada pelo novo coronav\u00edrus.<\/p>\n<p>Programa\u00e7\u00e3o<\/p>\n<pre class=\"wp-block-verse\"><strong>15h\u00a0<\/strong>\u2013 Abertura<br \/><strong>15h30<\/strong>\u00a0\u2013 Balan\u00e7o do banco (Dieese)<br \/><strong>16h\u00a0<\/strong>\u2013 Debate<br \/><strong>16h15\u00a0<\/strong>\u2013 An\u00e1lise de Conjuntura \u2013 (Clemente Ganz L\u00facio)<br \/><strong>16h45\u00a0<\/strong>\u2013 Debate<br \/><strong>17h\u00a0<\/strong>\u2013 Minuta espec\u00edfica Bradesco<br \/><br \/><\/pre>\n<p><strong>Fonte: Contraf-CUT<\/strong><\/p>\n","protected":false},"excerpt":{"rendered":"<p>O Encontro Nacional dos Funcion\u00e1rios do Banco Bradesco ocorre nesta ter\u00e7a-feira (14), a partir das 15h. A atividade faz parte do calend\u00e1rio da Campanha Nacional dos Banc\u00e1rios e definir\u00e1 o plano de lutas espec\u00edficas. \u201c\u00c9 mais um passo importante na constru\u00e7\u00e3o da Campanha Nacional 2020. O momento que vivemos nos imp\u00f5e muitas dificuldades. Mas, tenho [&hellip;]<\/p>\n","protected":false},"author":2,"featured_media":9229,"comment_status":"","ping_status":"","sticky":false,"template":"","format":"standard","meta":{"footnotes":""},"categories":[3],"tags":[],"class_list":["post-9230","post","type-post","status-publish","format-standard","has-post-thumbnail","hentry","category-noticias"],"_links":{"self":[{"href":"https:\/\/hostnetart.com.br\/baixada\/wp-json\/wp\/v2\/posts\/9230","targetHints":{"allow":["GET"]}}],"collection":[{"href":"https:\/\/hostnetart.com.br\/baixada\/wp-json\/wp\/v2\/posts"}],"about":[{"href":"https:\/\/hostnetart.com.br\/baixada\/wp-json\/wp\/v2\/types\/post"}],"author":[{"embeddable":true,"href":"https:\/\/hostnetart.com.br\/baixada\/wp-json\/wp\/v2\/users\/2"}],"replies":[{"embeddable":true,"href":"https:\/\/hostnetart.com.br\/baixada\/wp-json\/wp\/v2\/comments?post=9230"}],"version-history":[{"count":0,"href":"https:\/\/hostnetart.com.br\/baixada\/wp-json\/wp\/v2\/posts\/9230\/revisions"}],"wp:featuredmedia":[{"embeddable":true,"href":"https:\/\/hostnetart.com.br\/baixada\/wp-json\/wp\/v2\/media\/9229"}],"wp:attachment":[{"href":"https:\/\/hostnetart.com.br\/baixada\/wp-json\/wp\/v2\/media?parent=9230"}],"wp:term":[{"taxonomy":"category","embeddable":true,"href":"https:\/\/hostnetart.com.br\/baixada\/wp-json\/wp\/v2\/categories?post=9230"},{"taxonomy":"post_tag","embeddable":true,"href":"https:\/\/hostnetart.com.br\/baixada\/wp-json\/wp\/v2\/tags?post=9230"}],"curies":[{"name":"wp","href":"https:\/\/api.w.org\/{rel}","templated":true}]}}