{"id":923,"date":"2014-03-31T00:00:00","date_gmt":"2014-03-31T03:00:00","guid":{"rendered":"https:\/\/hostnetart.com.br\/baixada\/chapa-1-vence-eleicao-do-sindicato-de-sao-paulo-com-82-11-dos-votos\/"},"modified":"2014-03-31T00:00:00","modified_gmt":"2014-03-31T03:00:00","slug":"chapa-1-vence-eleicao-do-sindicato-de-sao-paulo-com-82-11-dos-votos","status":"publish","type":"post","link":"https:\/\/hostnetart.com.br\/baixada\/chapa-1-vence-eleicao-do-sindicato-de-sao-paulo-com-82-11-dos-votos\/","title":{"rendered":"Chapa 1 vence elei\u00e7\u00e3o do Sindicato de S\u00e3o Paulo com 82,11% dos votos"},"content":{"rendered":"<p>A Comiss\u00e3o Eleitoral proclamou a Chapa 1 como vencedora da elei\u00e7\u00e3o do Sindicato dos Banc\u00e1rios de S\u00e3o Paulo para a gest\u00e3o 2014\/2017. Encabe\u00e7ada pela atual presidenta da entidade, Juvandia Moreira, a Chapa 1, apoiada pela Contraf-CUT e pela esmagadora maioria dos sindicatos e federa\u00e7\u00f5es de todo pa\u00eds, obteve 23.159 votos v\u00e1lidos (82,11%) enquanto a Chapa 2, ligada ao Conlutas, recebeu 4.746 (16,8%), 539 foram nulos e 297 em branco.<\/p>\n<p>O resultado saiu por volta das 5h30 deste s\u00e1bado 29.<\/p>\n<p>\u201cAgrade\u00e7o o voto de confian\u00e7a de todos os banc\u00e1rios que acreditam e se identificam com nossa gest\u00e3o. Esse expressivo resultado nos d\u00e1 a certeza de que contamos com o apoio da categoria para continuar nossa luta ao lado dos empregados por melhores condi\u00e7\u00f5es de trabalho e por uma sociedade cada vez mais justa e igualit\u00e1ria\u201d, afirmou a presidenta reeleita Juvandia Moreira.<\/p>\n<p>\u201cTamb\u00e9m vamos seguir na atua\u00e7\u00e3o do Sindicato Cidad\u00e3o, por mobilidade urbana, mais seguran\u00e7a e outras quest\u00f5es que interferem diretamente na qualidade de vida do banc\u00e1rio e de seus familiares\u201d, destacou.<\/p>\n<p>A apura\u00e7\u00e3o, conduzida pelo presidente da Fetec-CUT\/SP, Luiz Cesar de Freitas, o Alem\u00e3o, come\u00e7ou por volta das 20h e s\u00f3 foi conclu\u00edda seis horas depois com comemora\u00e7\u00e3o na Quadra dos Banc\u00e1rios. Foram coletados 28.741 votos de banc\u00e1rios sindicalizados entre os dias 25 e 28 de mar\u00e7o em S\u00e3o Paulo, Osasco e mais 15 munic\u00edpios que integram a base.<\/p>\n<p><strong>S\u00e3o Paulo a Salvador\u00a0<\/strong><\/p>\n<p>Para permitir que todos os trabalhadores exercessem seu direito democr\u00e1tico de participar da elei\u00e7\u00e3o do Sindicato, foram percorridos milhares de quil\u00f4metros durante os quatro dias de vota\u00e7\u00e3o. Se consideradas apenas as idas e voltas de uma urna entre S\u00e3o Paulo e as cidades de Carapicu\u00edba, S\u00e3o Louren\u00e7o da Serra, Caucaia do Alto e Pirapora do Bom Jesus nesse per\u00edodo, foram percorridos 1,6 mil quil\u00f4metros \u2013 quase a dist\u00e2ncia entre a capital paulista a Salvador.<\/p>\n<p>Tanto esfor\u00e7o combinado \u00e0 providencial altera\u00e7\u00e3o no estatuto, antecipando o pleito para que n\u00e3o coincidisse com o per\u00edodo de Copa do Munda da Fifa, resultou no expressivo comparecimento dos trabalhadores \u00e0s urnas. Votos assinalados por escritur\u00e1rios, analistas, assistentes, caixas e gerentes de diversos bancos. Al\u00e9m disso, de forma in\u00e9dita os banc\u00e1rios com defici\u00eancia visual puderam votar por meio de c\u00e9dula na linguagem braille.<\/p>\n<p>\u201cOs banc\u00e1rios compreenderam a import\u00e2ncia do voto para o fortalecimento da entidade. Foi um verdadeiro exerc\u00edcio de democracia\u201d, disse a coordenadora da Comiss\u00e3o Eleitoral, Aline Molina.<\/p>\n<p>Para o presidente da CUT, o banc\u00e1rio Vagner Freitas, a categoria deu mais uma demonstra\u00e7\u00e3o de for\u00e7a. \u201cEsse senso de responsabilidade de ir as urnas e decidir pelo que considera melhor para a condu\u00e7\u00e3o das lutas \u00e9 uma marca dos banc\u00e1rios.\u201d<\/p>\n<p>O presidente da Contraf-CUT, Carlos Cordeiro, destaca que \u201ca expressiva vit\u00f3ria da Chapa 1 fortalece a manuten\u00e7\u00e3o e amplia\u00e7\u00e3o da unidade nacional dos banc\u00e1rios, estrat\u00e9gia que permitiu importantes conquistas econ\u00f4micas e sociais para a categoria\u201d.<\/p>\n<p>Fonte: Contraf-CUT com Seeb S\u00e3o Paulo<\/p>\n","protected":false},"excerpt":{"rendered":"<p>A Comiss\u00e3o Eleitoral proclamou a Chapa 1 como vencedora da elei\u00e7\u00e3o do Sindicato dos Banc\u00e1rios de S\u00e3o Paulo para a gest\u00e3o 2014\/2017. Encabe\u00e7ada pela atual presidenta da entidade, Juvandia Moreira, a Chapa 1, apoiada pela Contraf-CUT e pela esmagadora maioria dos sindicatos e federa\u00e7\u00f5es de todo pa\u00eds, obteve 23.159 votos v\u00e1lidos (82,11%) enquanto a Chapa [&hellip;]<\/p>\n","protected":false},"author":1,"featured_media":0,"comment_status":"","ping_status":"","sticky":false,"template":"","format":"standard","meta":{"footnotes":""},"categories":[3],"tags":[],"class_list":["post-923","post","type-post","status-publish","format-standard","hentry","category-noticias"],"_links":{"self":[{"href":"https:\/\/hostnetart.com.br\/baixada\/wp-json\/wp\/v2\/posts\/923","targetHints":{"allow":["GET"]}}],"collection":[{"href":"https:\/\/hostnetart.com.br\/baixada\/wp-json\/wp\/v2\/posts"}],"about":[{"href":"https:\/\/hostnetart.com.br\/baixada\/wp-json\/wp\/v2\/types\/post"}],"author":[{"embeddable":true,"href":"https:\/\/hostnetart.com.br\/baixada\/wp-json\/wp\/v2\/users\/1"}],"replies":[{"embeddable":true,"href":"https:\/\/hostnetart.com.br\/baixada\/wp-json\/wp\/v2\/comments?post=923"}],"version-history":[{"count":0,"href":"https:\/\/hostnetart.com.br\/baixada\/wp-json\/wp\/v2\/posts\/923\/revisions"}],"wp:attachment":[{"href":"https:\/\/hostnetart.com.br\/baixada\/wp-json\/wp\/v2\/media?parent=923"}],"wp:term":[{"taxonomy":"category","embeddable":true,"href":"https:\/\/hostnetart.com.br\/baixada\/wp-json\/wp\/v2\/categories?post=923"},{"taxonomy":"post_tag","embeddable":true,"href":"https:\/\/hostnetart.com.br\/baixada\/wp-json\/wp\/v2\/tags?post=923"}],"curies":[{"name":"wp","href":"https:\/\/api.w.org\/{rel}","templated":true}]}}