{"id":9226,"date":"2020-07-14T02:58:31","date_gmt":"2020-07-14T05:58:31","guid":{"rendered":"https:\/\/hostnetart.com.br\/baixada\/brasil-precisa-de-banco-publico-para-conduzir-uma-politica-em-favor-da-sociedade\/"},"modified":"2020-07-14T02:58:31","modified_gmt":"2020-07-14T05:58:31","slug":"brasil-precisa-de-banco-publico-para-conduzir-uma-politica-em-favor-da-sociedade","status":"publish","type":"post","link":"https:\/\/hostnetart.com.br\/baixada\/brasil-precisa-de-banco-publico-para-conduzir-uma-politica-em-favor-da-sociedade\/","title":{"rendered":"Brasil precisa de banco p\u00fablico para conduzir uma pol\u00edtica em favor da sociedade"},"content":{"rendered":"<p>\u201cPrecisamos de um banco para conduzir uma pol\u00edtica em favor da sociedade?\u201d. Essa foi a provoca\u00e7\u00e3o do \u00faltimo painel do 31\u00ba Congresso Nacional Funcion\u00e1rios do Banco do Brasil, na tarde deste domingo (12).<\/p>\n<p>Para falar da import\u00e2ncia do Banco do Brasil, o deputado federal Christino \u00c1ureo (PP-RJ) resgatou sua pr\u00f3pria hist\u00f3ria, pois come\u00e7ou a trabalhar na institui\u00e7\u00e3o aos 14 anos, como aprendiz. \u201cO Banco do Brasil \u00e9 muito maior do que os seus mais de 200 anos. As hist\u00f3rias do BB e do Brasil se fundem, para o bem e para o mal. Acredito que para a frente ser\u00e1 muito mais para o bem\u201d, afirmou o parlamentar no in\u00edcio de sua fala ao abrir o eixo 3 do 31\u00ba Congresso dos Funcion\u00e1rios do BB. O tema era \u201cPrecisamos de um banco para conduzir uma pol\u00edtica em favor da sociedade?\u201d.<\/p>\n<p>O deputado lembrou o epis\u00f3dio da reuni\u00e3o ministerial de 22 de abril deste ano, quando o ministro da Economia, Paulo Guedes se referiu ao Banco do Brasil com palavr\u00f5es e defendeu a sua privatiza\u00e7\u00e3o. \u201c\u00c9 muito claro que o ministro ofendia n\u00e3o s\u00f3 os funcion\u00e1rios do BB quando ele xingou naquela reuni\u00e3o fat\u00eddica. Ele n\u00e3o estava xingando o BB como uma placa, mas xingava a hist\u00f3ria de milhares de pessoas que trabalharam no banco e de milh\u00f5es que dependem da institui\u00e7\u00e3o\u201d, afirmou Christino \u00c1ureo.<\/p>\n<p>O contraponto ao pouco caso que Guedes fez do Banco do Brasil \u00e9, de acordo com o deputado do PP, o papel dos bancos p\u00fablicos em outros pa\u00edses, como ferramentas para garantir a retomada econ\u00f4mica diante do impacto da pandemia do coronav\u00edrus. \u201cAlemanha aplica quase 1,1 trilh\u00e3o de euros na recupera\u00e7\u00e3o da sua economia, aplicados pelos bancos p\u00fablicos alem\u00e3es. Independentemente de ideologia, o papel dos bancos p\u00fablicos \u00e9 fundamental na retomada das economias no mundo todo, as economias todas sendo protegidas pelos seus governos. Temos que copiar aquilo que se v\u00ea no mundo\u201d, declarou o parlamentar.<\/p>\n<p>Jilmar Tatto, ex-secret\u00e1rio Municipal de Transportes e candidato do Partido dos Trabalhadores (PT) \u00e0 Prefeitura de S\u00e3o Paulo, come\u00e7ou a sua fala dizendo que o Banco do Brasil \u00e9 fundamental para o povo brasileiro. \u201cPara salvar o Brasil e o Banco do Brasil n\u00f3s temos que falar claramente \u2018Fora Bolsonaro\u2019. Porque ele \u00e9 o presidente da morte, ele \u00e9 o presidente que n\u00e3o respeita a soberania, ele \u00e9 o presidente que n\u00e3o respeita as institui\u00e7\u00f5es, ele \u00e9 o presidente racista, fascista, xen\u00f3fobo, autorit\u00e1rio. Ent\u00e3o, quando se fala \u2018na luta\u2019, se o Bolsonaro continuar na Presid\u00eancia da Rep\u00fablica, n\u00e3o tem salva\u00e7\u00e3o.\u201d<\/p>\n<p>Para o pol\u00edtico, o Brasil vai precisar \u2013 no p\u00f3s-pandemia \u2013 de algu\u00e9m que lidere o processo de retomada do crescimento econ\u00f4mico, o processo da volta do emprego. \u201cHoje tem mais gente desempregado do que gente empregada, tem mais gente na informalidade do que na formalidade. E para enfrentar a desigualdade social precisa do Estado, um Estado protetor, que cuida dos mais fr\u00e1geis, um Estado que presta servi\u00e7os na sa\u00fade: olha se n\u00e3o fosse o Sistema \u00danico de Sa\u00fade o que seria da popula\u00e7\u00e3o nesta pandemia.\u201d<\/p>\n<p>Tatto disse ainda que s\u00f3 com um Estado forte ser\u00e1 poss\u00edvel a volta do crescimento econ\u00f4mico, a volta da gera\u00e7\u00e3o de emprego e uma pol\u00edtica de recupera\u00e7\u00e3o das empresas. \u201cPara proteger o micro, o pequeno, o m\u00e9dio e o grande empreendedor n\u00f3s vamos precisar do Estado. E o Estado \u00e9 BNDES, Estado \u00e9 Petrobras, Estado \u00e9 Eletrobras, Estado \u00e9 Caixa Econ\u00f4mica e Estado \u00e9 Banco do Brasil.\u201d<\/p>\n<p>O candidato \u00e0 Prefeitura de S\u00e3o Paulo disse ainda que o BB serve para regular o setor banc\u00e1rio. \u201cN\u00f3s vamos precisar de um banco fortalecido. E como ele se d\u00e1, na luta, na resist\u00eancia, com uma grande frente na defesa do Banco do Brasil. Se n\u00f3s n\u00e3o fizemos isso, se n\u00e3o ganharmos cora\u00e7\u00f5es e mentes do povo brasileiro, da import\u00e2ncia que tem o Banco do Brasil no seu cotidiano, na sua vida, vamos sentir a f\u00faria do Guedes por privatiza\u00e7\u00e3o. A nossa chance \u00e9 fazermos a mobiliza\u00e7\u00e3o popular.\u201d<\/p>\n<p>A vice-governadora do Piau\u00ed, Regina Sousa, tamb\u00e9m foi convidada para a mesa, mas por problemas de conex\u00e3o n\u00e3o p\u00f4de acompanhar o debate.<\/p>\n<p><strong>Fonte: Contraf-CUT<\/strong><\/p>\n","protected":false},"excerpt":{"rendered":"<p>\u201cPrecisamos de um banco para conduzir uma pol\u00edtica em favor da sociedade?\u201d. Essa foi a provoca\u00e7\u00e3o do \u00faltimo painel do 31\u00ba Congresso Nacional Funcion\u00e1rios do Banco do Brasil, na tarde deste domingo (12). Para falar da import\u00e2ncia do Banco do Brasil, o deputado federal Christino \u00c1ureo (PP-RJ) resgatou sua pr\u00f3pria hist\u00f3ria, pois come\u00e7ou a trabalhar [&hellip;]<\/p>\n","protected":false},"author":2,"featured_media":9225,"comment_status":"","ping_status":"","sticky":false,"template":"","format":"standard","meta":{"footnotes":""},"categories":[3],"tags":[],"class_list":["post-9226","post","type-post","status-publish","format-standard","has-post-thumbnail","hentry","category-noticias"],"_links":{"self":[{"href":"https:\/\/hostnetart.com.br\/baixada\/wp-json\/wp\/v2\/posts\/9226","targetHints":{"allow":["GET"]}}],"collection":[{"href":"https:\/\/hostnetart.com.br\/baixada\/wp-json\/wp\/v2\/posts"}],"about":[{"href":"https:\/\/hostnetart.com.br\/baixada\/wp-json\/wp\/v2\/types\/post"}],"author":[{"embeddable":true,"href":"https:\/\/hostnetart.com.br\/baixada\/wp-json\/wp\/v2\/users\/2"}],"replies":[{"embeddable":true,"href":"https:\/\/hostnetart.com.br\/baixada\/wp-json\/wp\/v2\/comments?post=9226"}],"version-history":[{"count":0,"href":"https:\/\/hostnetart.com.br\/baixada\/wp-json\/wp\/v2\/posts\/9226\/revisions"}],"wp:featuredmedia":[{"embeddable":true,"href":"https:\/\/hostnetart.com.br\/baixada\/wp-json\/wp\/v2\/media\/9225"}],"wp:attachment":[{"href":"https:\/\/hostnetart.com.br\/baixada\/wp-json\/wp\/v2\/media?parent=9226"}],"wp:term":[{"taxonomy":"category","embeddable":true,"href":"https:\/\/hostnetart.com.br\/baixada\/wp-json\/wp\/v2\/categories?post=9226"},{"taxonomy":"post_tag","embeddable":true,"href":"https:\/\/hostnetart.com.br\/baixada\/wp-json\/wp\/v2\/tags?post=9226"}],"curies":[{"name":"wp","href":"https:\/\/api.w.org\/{rel}","templated":true}]}}