{"id":9224,"date":"2020-07-14T02:57:08","date_gmt":"2020-07-14T05:57:08","guid":{"rendered":"https:\/\/hostnetart.com.br\/baixada\/funcionarios-do-banco-do-brasil-definem-reivindicacoes-especificas-para-a-campanha-nacional-dos-bancarios\/"},"modified":"2020-07-14T02:57:08","modified_gmt":"2020-07-14T05:57:08","slug":"funcionarios-do-banco-do-brasil-definem-reivindicacoes-especificas-para-a-campanha-nacional-dos-bancarios","status":"publish","type":"post","link":"https:\/\/hostnetart.com.br\/baixada\/funcionarios-do-banco-do-brasil-definem-reivindicacoes-especificas-para-a-campanha-nacional-dos-bancarios\/","title":{"rendered":"Funcion\u00e1rios do Banco do Brasil definem reivindica\u00e7\u00f5es espec\u00edficas para a Campanha Nacional dos Banc\u00e1rios"},"content":{"rendered":"<p>Na plen\u00e1ria final do\u00a0<a href=\"https:\/\/contrafcut.com.br\/noticias\/funcionarios-do-banco-do-brasil-realizam-seu-31o-congresso-nacional-dias-10-e-12-de-julho\/\" target=\"_blank\" rel=\"noopener noreferrer\">31\u00ba Congresso Nacional dos Funcion\u00e1rios do Banco do Brasil (CNFBB)<\/a>, os 212 delegados e delegadas do congresso aprovaram as estrat\u00e9gias de luta e a pauta de reivindica\u00e7\u00f5es para a Campanha Nacional 2020 e as espec\u00edficas do banco.<\/p>\n<p>O coordenador da Comiss\u00e3o de Empresa dos Funcion\u00e1rios do Banco do Brasil (CEBB), Jo\u00e3o Fukunaga, agradeceu a participa\u00e7\u00e3o dos delegados e ressaltou a import\u00e2ncia do congresso para a Campanha Nacional dos Banc\u00e1rios e para a luta espec\u00edfica dos funcion\u00e1rios.<\/p>\n<p>\u201cVivemos um momento dif\u00edcil de nossa hist\u00f3ria, tanto no pa\u00eds e no mundo, quanto no banco. Querem acabar com tudo o que \u00e9 p\u00fablico, com tudo o que possibilita o povo brasileiro a ter uma vida melhor. N\u00e3o podemos ver isso e ficarmos calados. Temos que mostrar que o Banco do Brasil \u00e9 o do povo brasileiro\u201d, disse Fukunaga.<\/p>\n<p>A presidenta da Contraf-CUT, Juvandia Moreira, declarou que a defesa dos bancos p\u00fablicos est\u00e1 no centro da campanha nacional dos banc\u00e1rios deste ano. \u201cO movimento de agricultores familiares costuma dizer que \u2018se o campo n\u00e3o planta, a cidade n\u00e3o janta\u2019. Vou adaptar esse lema acrescentando que se os bancos p\u00fablicos n\u00e3o financiam, os produtores rurais n\u00e3o conseguem plantar\u201d, disse.<\/p>\n<p>\u201cNos debates de hoje vimos o quanto o Banco do Brasil \u00e9 importante na concess\u00e3o de cr\u00e9dito para os produtores rurais e tamb\u00e9m para as micros, pequenas e m\u00e9dias empresas. E ao Banco do Brasil se soma as a\u00e7\u00f5es da Caixa, do BNB, do Basa e dos demais bancos p\u00fablicos. S\u00e3o eles os respons\u00e1veis pelo desenvolvimento do pa\u00eds e ser\u00e3o eles que nos ajudar\u00e3o a sair da crise na qual nos encontramos. Por isso, a defesa do BB e dos demais bancos p\u00fablicos ser\u00e1 o ponto central de nossa Campanha Nacional\u201d, completou a presidenta da Contraf-CUT.<\/p>\n<h3><strong>Mesa \u00fanica<\/strong><\/h3>\n<p>O coordenador da CEBB tamb\u00e9m ressaltou a import\u00e2ncia da unidade da categoria e da manuten\u00e7\u00e3o da mesa \u00fanica de negocia\u00e7\u00f5es com os bancos p\u00fablicos e privados. \u201cA primeira premissa dessa campanha \u00e9 defender a mesa \u00fanica de negocia\u00e7\u00f5es. S\u00f3 a nossa unidade pode fazer que a gente saia com vit\u00f3rias dessa campanha\u201d, destacou. \u201cAl\u00e9m do mais, defender a mesa \u00fanica \u00e9 tamb\u00e9m defender o Banco do Brasil e os direitos dos funcion\u00e1rios\u201d.<\/p>\n<h3><strong>Direitos e pandemia<\/strong><\/h3>\n<p>Fukunaga destacou, ainda a import\u00e2ncia do congresso para debate sobre a manuten\u00e7\u00e3o de direitos dos funcion\u00e1rios durante esse per\u00edodo de pandemia.<\/p>\n<p>\u201cOs debates nos trouxeram importantes contribui\u00e7\u00f5es para a organiza\u00e7\u00e3o da categoria e dos funcion\u00e1rios do BB para o enfrentamento dos ataques aos direitos que est\u00e3o sendo desferidos contra os trabalhadores com a desculpa de que estamos em tempos de pandemia\u201d, disse. \u201cOs trabalhadores sofrem com a doen\u00e7a e com os cortes de direitos e perda de rendimentos\u201d, concluiu.<\/p>\n<p>Entre os pontos debatidos durante o congresso, merece destaque a institui\u00e7\u00e3o do teletrabalho.<\/p>\n<p><strong>Fonte: Contraf-CUT<\/strong><\/p>\n","protected":false},"excerpt":{"rendered":"<p>Na plen\u00e1ria final do\u00a031\u00ba Congresso Nacional dos Funcion\u00e1rios do Banco do Brasil (CNFBB), os 212 delegados e delegadas do congresso aprovaram as estrat\u00e9gias de luta e a pauta de reivindica\u00e7\u00f5es para a Campanha Nacional 2020 e as espec\u00edficas do banco. O coordenador da Comiss\u00e3o de Empresa dos Funcion\u00e1rios do Banco do Brasil (CEBB), Jo\u00e3o Fukunaga, [&hellip;]<\/p>\n","protected":false},"author":2,"featured_media":9223,"comment_status":"","ping_status":"","sticky":false,"template":"","format":"standard","meta":{"footnotes":""},"categories":[3],"tags":[],"class_list":["post-9224","post","type-post","status-publish","format-standard","has-post-thumbnail","hentry","category-noticias"],"_links":{"self":[{"href":"https:\/\/hostnetart.com.br\/baixada\/wp-json\/wp\/v2\/posts\/9224","targetHints":{"allow":["GET"]}}],"collection":[{"href":"https:\/\/hostnetart.com.br\/baixada\/wp-json\/wp\/v2\/posts"}],"about":[{"href":"https:\/\/hostnetart.com.br\/baixada\/wp-json\/wp\/v2\/types\/post"}],"author":[{"embeddable":true,"href":"https:\/\/hostnetart.com.br\/baixada\/wp-json\/wp\/v2\/users\/2"}],"replies":[{"embeddable":true,"href":"https:\/\/hostnetart.com.br\/baixada\/wp-json\/wp\/v2\/comments?post=9224"}],"version-history":[{"count":0,"href":"https:\/\/hostnetart.com.br\/baixada\/wp-json\/wp\/v2\/posts\/9224\/revisions"}],"wp:featuredmedia":[{"embeddable":true,"href":"https:\/\/hostnetart.com.br\/baixada\/wp-json\/wp\/v2\/media\/9223"}],"wp:attachment":[{"href":"https:\/\/hostnetart.com.br\/baixada\/wp-json\/wp\/v2\/media?parent=9224"}],"wp:term":[{"taxonomy":"category","embeddable":true,"href":"https:\/\/hostnetart.com.br\/baixada\/wp-json\/wp\/v2\/categories?post=9224"},{"taxonomy":"post_tag","embeddable":true,"href":"https:\/\/hostnetart.com.br\/baixada\/wp-json\/wp\/v2\/tags?post=9224"}],"curies":[{"name":"wp","href":"https:\/\/api.w.org\/{rel}","templated":true}]}}