{"id":9217,"date":"2020-07-10T03:02:24","date_gmt":"2020-07-10T06:02:24","guid":{"rendered":"https:\/\/hostnetart.com.br\/baixada\/funcionarios-do-banco-do-brasil-realizam-seu-31-congresso-nacional-dias-10-e-12-de-julho\/"},"modified":"2020-07-10T03:02:24","modified_gmt":"2020-07-10T06:02:24","slug":"funcionarios-do-banco-do-brasil-realizam-seu-31-congresso-nacional-dias-10-e-12-de-julho","status":"publish","type":"post","link":"https:\/\/hostnetart.com.br\/baixada\/funcionarios-do-banco-do-brasil-realizam-seu-31-congresso-nacional-dias-10-e-12-de-julho\/","title":{"rendered":"Funcion\u00e1rios do Banco do Brasil realizam seu 31\u00ba Congresso Nacional dias 10 e 12 de julho"},"content":{"rendered":"<p>Os funcion\u00e1rios do Banco do Brasil realizam neste final de semana seu 31\u00ba Congresso Nacional. A abertura solene, com transmiss\u00e3o ao vivo pelas redes sociais da Confedera\u00e7\u00e3o Nacional dos Trabalhadores do Ramo Financeiro (Contraf-CUT), ser\u00e1 realizada na sexta-feira (10), a partir das 19h, de forma conjunta com os congressos da Caixa Econ\u00f4mica Federal, Banco do Nordeste do Brasil e Banco da Amaz\u00f4nia.<\/p>\n<p>Ap\u00f3s a abertura solene conjunta, os funcion\u00e1rios do Banco do Brasil voltam a se reunir no domingo (12), a partir das 9h, para debaterem sobre quest\u00f5es de organiza\u00e7\u00e3o do Congresso. Em seguida, ser\u00e3o realizadas tr\u00eas mesas de debates sobre o papel desempenhado pelo Banco do Brasil na pol\u00edtica de cr\u00e9dito para micro, pequenos e m\u00e9dios empres\u00e1rios, assim como para a agricultura familiar; sobre os ataques do sistema financeiro e do governo federal \u00e0s empresas p\u00fablicas, aos planos de previd\u00eancia complementar e sa\u00fade suplementar; e sobre a constru\u00e7\u00e3o de uma frente pol\u00edtica em defesa do Banco do Brasil e de seu papel nas pol\u00edticas sociais e econ\u00f4micas de estados, munic\u00edpios e setoriais.<\/p>\n<p>\u201cAl\u00e9m da abertura, os debates e semin\u00e1rios ser\u00e3o transmitidos ao vivo, possibilitando a participa\u00e7\u00e3o de um maior n\u00famero de banc\u00e1rios\u201d, explicou o coordenador da Comiss\u00e3o de Empresa dos Funcion\u00e1rios do Banco do Brasil, Jo\u00e3o Fukunaga.<\/p>\n<p>O 31\u00ba CNFBB ser\u00e1 encerrado com uma plan\u00e1ria final, onde ser\u00e1 debatido sobre o calend\u00e1rio de lutas e mobiliza\u00e7\u00e3o para Campanha Salarial Unificada, como tamb\u00e9m de uma Campanha Nacional em Defesa do Banco do Brasil.<\/p>\n<p>Os debates e resolu\u00e7\u00f5es aprovados no 31\u00ba CNFBB ser\u00e3o levados para a 22\u00aa Confer\u00eancia Nacional dos Banc\u00e1rios, que ocorrer\u00e1 nos dias 17 e 18\/7, que define a minuta de reivindica\u00e7\u00f5es e a estrat\u00e9gia da campanha nacional da categoria.<\/p>\n<p><strong>Veja abaixo a programa\u00e7\u00e3o completa do 31\u00ba CNFBB.<\/strong><\/p>\n<p><strong>PROGRAMA\u00c7\u00c3O DO 31\u00ba CNFBB<br \/>10 e 12 de julho de 2020<\/p>\n<p>SEXTA-FEIRA, 10 DE JULHO<br \/>19h \u2013<\/strong>\u00a0Abertura solene conjunta do 31\u00ba Congresso Nacional dos Funcion\u00e1rios do Banco do Brasil, do 36\u00ba Congresso Nacional dos Empregados da Caixa e do 26\u00ba Congresso Nacional dos Funcion\u00e1rios do Banco do Nordeste do Brasil.<\/p>\n<p><strong>DOMINGO, 12 DE JULHO<br \/>9h \u00e0s 11h \u2013 Abertura<br \/><\/strong>\u2013 CEBB \u2013 Sauda\u00e7\u00f5es<br \/>\u2013 Regimento interno<br \/>\u2013 Teses<\/p>\n<p><strong>11h15 \u00e0s 12h30 \u2013 Eixo 1: O banco \u00e9 dos brasileiros!<br \/><\/strong>Debate com convidados a respeito do papel desempenhado pelo Banco do Brasil no microcr\u00e9dito, cr\u00e9dito para pequenos e microempreendedores, para agricultura familiar. A import\u00e2ncia deste patrim\u00f4nio para a sociedade brasileira.<\/p>\n<p><strong>13h30 \u00e0s 14h45 \u2013 Eixo 2: \u201cEles n\u00e3o v\u00e3o gostar, mas n\u00f3s n\u00e3o vamos largar nada!\u201d<br \/><\/strong>Debate com convidados sobre os ataques do sistema financeiro nacional neoliberal e do governo federal \u00e0s empresas p\u00fablicas, aos planos de previd\u00eancia complementar e sa\u00fade suplementar, um projeto ideol\u00f3gico de destrui\u00e7\u00e3o do modelo constru\u00eddo por essa comunidade que cerca a empresa p\u00fablica ou neste caso o banco p\u00fablico.<\/p>\n<p><strong>15h00 \u00e0s 16h15 \u2013 Eixo 3: Precisamos de um banco para conduzir uma pol\u00edtica em favor da sociedade?<br \/><\/strong>Debate com convidados para constru\u00e7\u00e3o de uma frente pol\u00edtica em defesa do Banco do Brasil, seu papel nas pol\u00edticas sociais, econ\u00f4micas de estados, munic\u00edpios e setoriais.<\/p>\n<p><strong>16h30 \u00e0s 17h45 \u2013 Plen\u00e1ria final: Defender as conquistas e avan\u00e7ar na defesa da democracia.<br \/><\/strong>Uma reflex\u00e3o com diferentes atores frente aos ataques que os movimentos sociais e a sociedade v\u00eam passando por este Estado militarizado, como tamb\u00e9m o momento chave para a discuss\u00e3o de um calend\u00e1rio e organiza\u00e7\u00e3o do movimento de lutas para Campanha Salarial Unificada, como tamb\u00e9m de uma Campanha Nacional em Defesa do Banco do Brasil.<\/p>\n<p>\u00a0<\/p>\n<p><strong>Fonte: Contraf-CUT<\/strong><\/p>\n","protected":false},"excerpt":{"rendered":"<p>Os funcion\u00e1rios do Banco do Brasil realizam neste final de semana seu 31\u00ba Congresso Nacional. A abertura solene, com transmiss\u00e3o ao vivo pelas redes sociais da Confedera\u00e7\u00e3o Nacional dos Trabalhadores do Ramo Financeiro (Contraf-CUT), ser\u00e1 realizada na sexta-feira (10), a partir das 19h, de forma conjunta com os congressos da Caixa Econ\u00f4mica Federal, Banco do [&hellip;]<\/p>\n","protected":false},"author":2,"featured_media":9216,"comment_status":"","ping_status":"","sticky":false,"template":"","format":"standard","meta":{"footnotes":""},"categories":[3],"tags":[],"class_list":["post-9217","post","type-post","status-publish","format-standard","has-post-thumbnail","hentry","category-noticias"],"_links":{"self":[{"href":"https:\/\/hostnetart.com.br\/baixada\/wp-json\/wp\/v2\/posts\/9217","targetHints":{"allow":["GET"]}}],"collection":[{"href":"https:\/\/hostnetart.com.br\/baixada\/wp-json\/wp\/v2\/posts"}],"about":[{"href":"https:\/\/hostnetart.com.br\/baixada\/wp-json\/wp\/v2\/types\/post"}],"author":[{"embeddable":true,"href":"https:\/\/hostnetart.com.br\/baixada\/wp-json\/wp\/v2\/users\/2"}],"replies":[{"embeddable":true,"href":"https:\/\/hostnetart.com.br\/baixada\/wp-json\/wp\/v2\/comments?post=9217"}],"version-history":[{"count":0,"href":"https:\/\/hostnetart.com.br\/baixada\/wp-json\/wp\/v2\/posts\/9217\/revisions"}],"wp:featuredmedia":[{"embeddable":true,"href":"https:\/\/hostnetart.com.br\/baixada\/wp-json\/wp\/v2\/media\/9216"}],"wp:attachment":[{"href":"https:\/\/hostnetart.com.br\/baixada\/wp-json\/wp\/v2\/media?parent=9217"}],"wp:term":[{"taxonomy":"category","embeddable":true,"href":"https:\/\/hostnetart.com.br\/baixada\/wp-json\/wp\/v2\/categories?post=9217"},{"taxonomy":"post_tag","embeddable":true,"href":"https:\/\/hostnetart.com.br\/baixada\/wp-json\/wp\/v2\/tags?post=9217"}],"curies":[{"name":"wp","href":"https:\/\/api.w.org\/{rel}","templated":true}]}}