{"id":9215,"date":"2020-07-09T19:14:17","date_gmt":"2020-07-09T22:14:17","guid":{"rendered":"https:\/\/hostnetart.com.br\/baixada\/bancarios-de-bancos-publicos-realizam-congressos-neste-fim-de-semana\/"},"modified":"2020-07-09T19:14:17","modified_gmt":"2020-07-09T22:14:17","slug":"bancarios-de-bancos-publicos-realizam-congressos-neste-fim-de-semana","status":"publish","type":"post","link":"https:\/\/hostnetart.com.br\/baixada\/bancarios-de-bancos-publicos-realizam-congressos-neste-fim-de-semana\/","title":{"rendered":"Banc\u00e1rios de bancos p\u00fablicos realizam congressos neste fim de semana"},"content":{"rendered":"<p>Os banc\u00e1rios do Banco da Amaz\u00f4nia, Banco do Brasil, Banco do Nordeste do Brasil e da Caixa Econ\u00f4mica Federal realizam seus congressos nacionais neste final de semana (10 a 12\/7). O objetivo \u00e9 discutir quest\u00f5es espec\u00edficas e gerais da categoria para serem debatidas durante a 22\u00aa Confer\u00eancia Nacional dos Banc\u00e1rios, que ocorrer\u00e1 nos dias 17 e 18\/7. A abertura e v\u00e1rios debates ser\u00e3o transmitidos ao vivo nas redes sociais da Contraf-CUT.<\/p>\n<p>Em decorr\u00eancia da pandemia causada pelo novo coronav\u00edrus, tanto os congressos quanto a confer\u00eancia nacional ser\u00e3o realizados por videoconfer\u00eancia.<\/p>\n<p>\u00c9 um momento importante da campanha nacional da categoria, que come\u00e7ou com a Consulta aos banc\u00e1rios e banc\u00e1rias, pelas confer\u00eancias estaduais e regionais e agora acontecer\u00e3o os congressos nacionais dos bancos p\u00fablicos, depois dos privados. Tudo isso culminar\u00e1 na Confer\u00eancia Nacional que define a minuta de reivindica\u00e7\u00f5es e a estrat\u00e9gia da campanha.<\/p>\n<p>Todo este processo mostra a legitimidade de nossa pauta de reivindica\u00e7\u00f5es, que \u00e9 criada a partir dos anseios que surgem das bases dos sindicatos de todo o pa\u00eds.<\/p>\n<h3>36\u00ba Conecef<\/h3>\n<p>O\u00a0<a href=\"https:\/\/contrafcut.com.br\/noticias\/36o-conecef-sera-virtual-nos-dias-10-e-11-de-julho\/\" target=\"_blank\" rel=\"noopener noreferrer\">36\u00ba Congresso Nacional dos Empregados da Caixa Econ\u00f4mica Federal (Conecef)<\/a>\u00a0ser\u00e1 realizado nos dias 10 e 11 de julho virtualmente. Cerca de 280 delegadas e delegados definir\u00e3o as estrat\u00e9gias de luta e a pauta de reivindica\u00e7\u00f5es espec\u00edfica do banco p\u00fablico para a Campanha Nacional 2020. O principal f\u00f3rum de debates e delibera\u00e7\u00f5es dos trabalhadores da Caixa debater\u00e1 sobre a defesa da Vida, da Democracia, das Empresas P\u00fablicas, dos Bancos P\u00fablicos e da Caixa 100% P\u00fablica. Em uma segunda mesa, debater\u00e1 sobre Sa\u00fade e Condi\u00e7\u00f5es de Trabalho dos empregados, sobre o Sa\u00fade Caixa e sobre a Funcef. A terceira mesa debater\u00e1 sobre Direitos, sobre a CCT e o ACT, al\u00e9m de contrata\u00e7\u00f5es.<\/p>\n<h3>31\u00ba CNFBB<\/h3>\n<p>Ap\u00f3s a abertura solene conjunta, que acontecer\u00e1 na sexta-feira (10), os funcion\u00e1rios do Banco do Brasil voltam a se reunir no domingo (12), a partir das 9h. Depois de debaterem sobre quest\u00f5es de organiza\u00e7\u00e3o do Congresso, ser\u00e3o realizadas tr\u00eas mesas de debates sobre o papel desempenhado pelo Banco do Brasil na pol\u00edtica de cr\u00e9dito para micro, pequenos e m\u00e9dios empres\u00e1rios, assim como para a agricultura familiar; sobre os ataques do sistema financeiro e do governo federal \u00e0s empresas p\u00fablicas, aos planos de previd\u00eancia complementar e sa\u00fade suplementar; e sobre a constru\u00e7\u00e3o de uma frente pol\u00edtica em defesa do Banco do Brasil e de seu papel nas pol\u00edticas sociais e econ\u00f4micas de estados, munic\u00edpios e setoriais.<\/p>\n<p><a href=\"https:\/\/contrafcut.com.br\/noticias\/funcionarios-do-bb-realizarao-congresso-por-videoconferencia\/\" target=\"_blank\" rel=\"noopener noreferrer\">O 31\u00ba CNFBB<\/a>\u00a0ser\u00e1 encerrado com uma plan\u00e1ria final, onde ser\u00e1 debatido sobre o calend\u00e1rio de lutas e mobiliza\u00e7\u00e3o para Campanha Salarial Unificada, como tamb\u00e9m de uma Campanha Nacional em Defesa do Banco do Brasil.<\/p>\n<h3>BNB e Basa<\/h3>\n<p>No final de semana, os funcion\u00e1rios do Banco da Amaz\u00f4nia e do Banco do Nordeste do Brasil tamb\u00e9m realizam seus congressos nacionais.<\/p>\n<p><strong>Fonte: Contraf-CUT<\/strong><\/p>\n","protected":false},"excerpt":{"rendered":"<p>Os banc\u00e1rios do Banco da Amaz\u00f4nia, Banco do Brasil, Banco do Nordeste do Brasil e da Caixa Econ\u00f4mica Federal realizam seus congressos nacionais neste final de semana (10 a 12\/7). O objetivo \u00e9 discutir quest\u00f5es espec\u00edficas e gerais da categoria para serem debatidas durante a 22\u00aa Confer\u00eancia Nacional dos Banc\u00e1rios, que ocorrer\u00e1 nos dias 17 [&hellip;]<\/p>\n","protected":false},"author":2,"featured_media":9214,"comment_status":"","ping_status":"","sticky":false,"template":"","format":"standard","meta":{"footnotes":""},"categories":[3],"tags":[],"class_list":["post-9215","post","type-post","status-publish","format-standard","has-post-thumbnail","hentry","category-noticias"],"_links":{"self":[{"href":"https:\/\/hostnetart.com.br\/baixada\/wp-json\/wp\/v2\/posts\/9215","targetHints":{"allow":["GET"]}}],"collection":[{"href":"https:\/\/hostnetart.com.br\/baixada\/wp-json\/wp\/v2\/posts"}],"about":[{"href":"https:\/\/hostnetart.com.br\/baixada\/wp-json\/wp\/v2\/types\/post"}],"author":[{"embeddable":true,"href":"https:\/\/hostnetart.com.br\/baixada\/wp-json\/wp\/v2\/users\/2"}],"replies":[{"embeddable":true,"href":"https:\/\/hostnetart.com.br\/baixada\/wp-json\/wp\/v2\/comments?post=9215"}],"version-history":[{"count":0,"href":"https:\/\/hostnetart.com.br\/baixada\/wp-json\/wp\/v2\/posts\/9215\/revisions"}],"wp:featuredmedia":[{"embeddable":true,"href":"https:\/\/hostnetart.com.br\/baixada\/wp-json\/wp\/v2\/media\/9214"}],"wp:attachment":[{"href":"https:\/\/hostnetart.com.br\/baixada\/wp-json\/wp\/v2\/media?parent=9215"}],"wp:term":[{"taxonomy":"category","embeddable":true,"href":"https:\/\/hostnetart.com.br\/baixada\/wp-json\/wp\/v2\/categories?post=9215"},{"taxonomy":"post_tag","embeddable":true,"href":"https:\/\/hostnetart.com.br\/baixada\/wp-json\/wp\/v2\/tags?post=9215"}],"curies":[{"name":"wp","href":"https:\/\/api.w.org\/{rel}","templated":true}]}}