{"id":9211,"date":"2020-07-09T13:33:02","date_gmt":"2020-07-09T16:33:02","guid":{"rendered":"https:\/\/hostnetart.com.br\/baixada\/agravamento-de-violencia-contra-mulher-em-meio-a-pandemia-exige-maior-mobilizacao-social\/"},"modified":"2020-07-09T13:33:02","modified_gmt":"2020-07-09T16:33:02","slug":"agravamento-de-violencia-contra-mulher-em-meio-a-pandemia-exige-maior-mobilizacao-social","status":"publish","type":"post","link":"https:\/\/hostnetart.com.br\/baixada\/agravamento-de-violencia-contra-mulher-em-meio-a-pandemia-exige-maior-mobilizacao-social\/","title":{"rendered":"Agravamento de viol\u00eancia contra mulher em meio \u00e0 pandemia exige maior mobiliza\u00e7\u00e3o social"},"content":{"rendered":"<p>\u201cEm todas as crises, as mulheres s\u00e3o as primeiras e mais afetadas. Especialmente no mundo do trabalho.\u201d A contesta\u00e7\u00e3o \u00e9 da secret\u00e1ria nacional de Mulheres da Confedera\u00e7\u00e3o Nacional dos Metal\u00fargicos da CUT (<a href=\"http:\/\/www.cnmcut.org.br\/\" target=\"_blank\" rel=\"noopener noreferrer\">CNM-CUT<\/a>), Marli Melo. A entidade promoveu um debate ontem (8) debate sobre a desigualdade de g\u00eanero em tempos de pandemia de covid-19, doen\u00e7a provocada pelo novo coronav\u00edrus. Em pauta,\u00a0<a href=\"https:\/\/www.redebrasilatual.com.br\/cidadania\/2020\/04\/violencia-contra-a-mulher-dificuldade-registrar-denuncia\/\" target=\"_blank\" rel=\"noopener noreferrer\">o aumento da viol\u00eancia dom\u00e9stica durante o isolamento social<\/a>, aliado \u00e0 aus\u00eancia de pol\u00edticas p\u00fablicas sobre o tema. E o quanto a pandemia piora o cen\u00e1rio, embora a desigualdade seja hist\u00f3rica e estrutural.<\/p>\n<p>\u201cAs mulheres sempre conviveram com seus agressores. Ent\u00e3o, o que fazer neste momento? Quais pol\u00edticas p\u00fablicas temos para que as mulheres denunciem? Com o isolamento, n\u00e3o tem como a den\u00fancia ser pessoal\u201d, observa Marli.<\/p>\n<p>Outro problema que ganha se agrava \u00e9 a desigualdade no trabalho. A jornada tripla, que implica o trabalho dom\u00e9stico, a vida profissional remunerada e a cria\u00e7\u00e3o dos filhos, sempre foi a realidade das mulheres. Em tempos de\u00a0<a href=\"https:\/\/www.redebrasilatual.com.br\/tab\/coronavirus\" target=\"_blank\" rel=\"noopener noreferrer\">pandemia<\/a>\u00a0e de maior conv\u00edvio domiciliar, a amplia\u00e7\u00e3o do conflito fica evidente.<\/p>\n<p>Ao lado de Marli, participaram do debate a coordenadora do curso de Promotoras Legais Populares de S\u00e3o Bernardo do Campo, Dulcelina Xavier, e a soci\u00f3loga Adriana Marcolino, do Dieese.<\/p>\n<h2><span style=\"text-decoration: underline;\">O cotidiano<\/span><\/h2>\n<p>\u201cEm um momento de pandemia, a sobrecarga \u00e9 mais aguda. As mulheres est\u00e3o somando as atividades remuneradas, as atividades com as crian\u00e7as e, tamb\u00e9m, as atividades escolares que ficaram como tarefa para as fam\u00edlias\u201d, explica Adriana. \u201cExiste uma dissolu\u00e7\u00e3o entre o trabalho dom\u00e9stico e o remunerado. As mulheres trabalham nas madrugadas para dar conta, porque a jornada do dia n\u00e3o \u00e9 suficiente. Isso causa estresse, doen\u00e7as relativas \u00e0 ansiedade e \u00e0 sa\u00fade f\u00edsica\u201d, completa.<\/p>\n<p>A isso se soma a exposi\u00e7\u00e3o \u00e0 viol\u00eancia. \u201cTem o agravante de que, com a mulher junto do agressor no cotidiano, ela tem dificuldade de pedir ajuda.\u00a0A situa\u00e7\u00e3o das mulheres durante a pandemia e p\u00f3s-pandemia tende a piorar\u201d, diz Dulcelina.<\/p>\n<p>\u201c\u00c9 uma posi\u00e7\u00e3o de vulnerabilidade extrema. Com a crise isso piora. Vemos que a quest\u00e3o da creche, das escolas fechadas. N\u00e3o temos perspectiva de melhora econ\u00f4mica. Se tiver, \u00e9 muito a longo prazo\u201d, acrescenta Adriana.<\/p>\n<p>Entretanto, as trabalhadoras assumem a posi\u00e7\u00e3o de protagonismo da luta cotidiana, ampliada pela pandemia. \u201cN\u00e3o podemos fazer uma fala de que est\u00e1 tudo perdido, de que n\u00e3o tem sa\u00edda. Para mim, a sa\u00edda \u00e9 sempre pelo movimento social, pela articula\u00e7\u00e3o entre n\u00f3s, classe trabalhadora\u201d, defende Dulce.<\/p>\n<p>Para ela, a articula\u00e7\u00e3o dos movimentos populares, iniciativas da sociedade civil, podem atrair apoio e fortalecimento \u00e0 popula\u00e7\u00e3o mais vulner\u00e1vel. \u201cTemos que lutar muito para conseguir apoio social para esse setor mais vulner\u00e1vel das mulheres negras, ind\u00edgenas. Nossa luta tem que ser para conseguirmos a amplia\u00e7\u00e3o das pol\u00edticas sociais e o fortalecimento dos movimentos sociais, no sentido de criar uma rede de solidariedade.\u201d<\/p>\n<p><strong>Fonte: Rede Brasil Atual<\/strong><\/p>\n","protected":false},"excerpt":{"rendered":"<p>\u201cEm todas as crises, as mulheres s\u00e3o as primeiras e mais afetadas. Especialmente no mundo do trabalho.\u201d A contesta\u00e7\u00e3o \u00e9 da secret\u00e1ria nacional de Mulheres da Confedera\u00e7\u00e3o Nacional dos Metal\u00fargicos da CUT (CNM-CUT), Marli Melo. A entidade promoveu um debate ontem (8) debate sobre a desigualdade de g\u00eanero em tempos de pandemia de covid-19, doen\u00e7a [&hellip;]<\/p>\n","protected":false},"author":2,"featured_media":9210,"comment_status":"","ping_status":"","sticky":false,"template":"","format":"standard","meta":{"footnotes":""},"categories":[3],"tags":[],"class_list":["post-9211","post","type-post","status-publish","format-standard","has-post-thumbnail","hentry","category-noticias"],"_links":{"self":[{"href":"https:\/\/hostnetart.com.br\/baixada\/wp-json\/wp\/v2\/posts\/9211","targetHints":{"allow":["GET"]}}],"collection":[{"href":"https:\/\/hostnetart.com.br\/baixada\/wp-json\/wp\/v2\/posts"}],"about":[{"href":"https:\/\/hostnetart.com.br\/baixada\/wp-json\/wp\/v2\/types\/post"}],"author":[{"embeddable":true,"href":"https:\/\/hostnetart.com.br\/baixada\/wp-json\/wp\/v2\/users\/2"}],"replies":[{"embeddable":true,"href":"https:\/\/hostnetart.com.br\/baixada\/wp-json\/wp\/v2\/comments?post=9211"}],"version-history":[{"count":0,"href":"https:\/\/hostnetart.com.br\/baixada\/wp-json\/wp\/v2\/posts\/9211\/revisions"}],"wp:featuredmedia":[{"embeddable":true,"href":"https:\/\/hostnetart.com.br\/baixada\/wp-json\/wp\/v2\/media\/9210"}],"wp:attachment":[{"href":"https:\/\/hostnetart.com.br\/baixada\/wp-json\/wp\/v2\/media?parent=9211"}],"wp:term":[{"taxonomy":"category","embeddable":true,"href":"https:\/\/hostnetart.com.br\/baixada\/wp-json\/wp\/v2\/categories?post=9211"},{"taxonomy":"post_tag","embeddable":true,"href":"https:\/\/hostnetart.com.br\/baixada\/wp-json\/wp\/v2\/tags?post=9211"}],"curies":[{"name":"wp","href":"https:\/\/api.w.org\/{rel}","templated":true}]}}