{"id":9207,"date":"2020-07-07T22:29:19","date_gmt":"2020-07-08T01:29:19","guid":{"rendered":"https:\/\/hostnetart.com.br\/baixada\/coe-itau-questiona-o-banco-sobre-mudancas-de-agentes-de-negocios\/"},"modified":"2020-07-07T22:29:19","modified_gmt":"2020-07-08T01:29:19","slug":"coe-itau-questiona-o-banco-sobre-mudancas-de-agentes-de-negocios","status":"publish","type":"post","link":"https:\/\/hostnetart.com.br\/baixada\/coe-itau-questiona-o-banco-sobre-mudancas-de-agentes-de-negocios\/","title":{"rendered":"COE Ita\u00fa questiona o banco sobre mudan\u00e7as de agentes de neg\u00f3cios"},"content":{"rendered":"<p>A Comiss\u00e3o de Organiza\u00e7\u00e3o dos Empregados (COE) do Ita\u00fa se reuniu o banco, por videoconfer\u00eancia, na tarde desta ter\u00e7a-feira (7), para discutir a transforma\u00e7\u00e3o de alguns caixas em agentes de neg\u00f3cios. O novo formato de atendimento come\u00e7ou a ser testado em julho, em S\u00e3o Paulo e a\u00a0<a href=\"https:\/\/contrafcut.com.br\/noticias\/coe-itau-cobra-negociacao-sobre-a-criacao-da-vaga-de-agentes-de-negocio\/\" target=\"_blank\" rel=\"noopener noreferrer\">COE cobrou esclarecimentos<\/a>\u00a0do banco.<\/p>\n<p>De acordo com o Ita\u00fa, atualmente s\u00e3o 10.050 caixas em todo o Brasil. Destes, 55% j\u00e1 tem o a Certifica\u00e7\u00e3o Profissional Anbima \u2013 S\u00e9rie 10 (CPA-10), exig\u00eancia m\u00ednima para a altera\u00e7\u00e3o.<\/p>\n<p>O movimento sindical reivindicou ao banco que todos os caixas sem a CPA-10 tenham a mesma oportunidade de fazer a Certifica\u00e7\u00e3o, sem nenhuma interfer\u00eancia. Al\u00e9m da possibilidade de o Ita\u00fa pagar o curso de certifica\u00e7\u00e3o.<\/p>\n<p>A COE Ita\u00fa questionou como ficar\u00e3o o programa AGIR, ligado \u00e0 remunera\u00e7\u00e3o vari\u00e1vel dos funcion\u00e1rios do Ita\u00fa, e o Trilhas de Carreira, mecanismo de avalia\u00e7\u00e3o trimestral dos caixas, para os funcion\u00e1rios que mudarem de cargo.<\/p>\n<p>O Ita\u00fa ficou de responder todas as reivindica\u00e7\u00f5es na pr\u00f3xima reuni\u00e3o, mas garantiu que os funcion\u00e1rios que atuam como caixa n\u00e3o ter\u00e3o preju\u00edzo na remunera\u00e7\u00e3o.<\/p>\n<p>\u201cA COE est\u00e1 atenta e cobrar\u00e1 transpar\u00eancia em todo o processo de migra\u00e7\u00e3o dos funcion\u00e1rios para a nova fun\u00e7\u00e3o\u201d, afirmou Jair Alves, coordenador da COE Ita\u00fa.<\/p>\n<h3>Demais pautas<\/h3>\n<p>A COE Ita\u00fa questionou sobre os trabalhadores que est\u00e3o em home office. O Ita\u00fa garantiu que eles permanecer\u00e3o nesta modalidade at\u00e9 o dia 2 de setembro. Pr\u00f3ximo da data pode haver nova discuss\u00e3o sobre o assunto, se n\u00e3o houver novas defini\u00e7\u00f5es na Campanha Nacional 2020.<\/p>\n<p>O banco garantiu, ainda, que n\u00e3o ocorrer\u00e3o mais fechamentos de ag\u00eancias.<\/p>\n<p>O Ita\u00fa respondeu tamb\u00e9m que est\u00e1 cumprindo a cl\u00e1usula 29 Conven\u00e7\u00e3o Coletiva de Trabalho (CCT), referente \u00e0 complementa\u00e7\u00e3o do sal\u00e1rio de quem j\u00e1 tem a concess\u00e3o do benef\u00edcio e o adiantamento do sal\u00e1rio para quem ainda aguarda a per\u00edcia.<\/p>\n<p><strong>Fonte: Contraf-CUT<\/strong><\/p>\n","protected":false},"excerpt":{"rendered":"<p>A Comiss\u00e3o de Organiza\u00e7\u00e3o dos Empregados (COE) do Ita\u00fa se reuniu o banco, por videoconfer\u00eancia, na tarde desta ter\u00e7a-feira (7), para discutir a transforma\u00e7\u00e3o de alguns caixas em agentes de neg\u00f3cios. O novo formato de atendimento come\u00e7ou a ser testado em julho, em S\u00e3o Paulo e a\u00a0COE cobrou esclarecimentos\u00a0do banco. De acordo com o Ita\u00fa, [&hellip;]<\/p>\n","protected":false},"author":2,"featured_media":9206,"comment_status":"","ping_status":"","sticky":false,"template":"","format":"standard","meta":{"footnotes":""},"categories":[3],"tags":[],"class_list":["post-9207","post","type-post","status-publish","format-standard","has-post-thumbnail","hentry","category-noticias"],"_links":{"self":[{"href":"https:\/\/hostnetart.com.br\/baixada\/wp-json\/wp\/v2\/posts\/9207","targetHints":{"allow":["GET"]}}],"collection":[{"href":"https:\/\/hostnetart.com.br\/baixada\/wp-json\/wp\/v2\/posts"}],"about":[{"href":"https:\/\/hostnetart.com.br\/baixada\/wp-json\/wp\/v2\/types\/post"}],"author":[{"embeddable":true,"href":"https:\/\/hostnetart.com.br\/baixada\/wp-json\/wp\/v2\/users\/2"}],"replies":[{"embeddable":true,"href":"https:\/\/hostnetart.com.br\/baixada\/wp-json\/wp\/v2\/comments?post=9207"}],"version-history":[{"count":0,"href":"https:\/\/hostnetart.com.br\/baixada\/wp-json\/wp\/v2\/posts\/9207\/revisions"}],"wp:featuredmedia":[{"embeddable":true,"href":"https:\/\/hostnetart.com.br\/baixada\/wp-json\/wp\/v2\/media\/9206"}],"wp:attachment":[{"href":"https:\/\/hostnetart.com.br\/baixada\/wp-json\/wp\/v2\/media?parent=9207"}],"wp:term":[{"taxonomy":"category","embeddable":true,"href":"https:\/\/hostnetart.com.br\/baixada\/wp-json\/wp\/v2\/categories?post=9207"},{"taxonomy":"post_tag","embeddable":true,"href":"https:\/\/hostnetart.com.br\/baixada\/wp-json\/wp\/v2\/tags?post=9207"}],"curies":[{"name":"wp","href":"https:\/\/api.w.org\/{rel}","templated":true}]}}