{"id":9203,"date":"2020-07-07T20:03:07","date_gmt":"2020-07-07T23:03:07","guid":{"rendered":"https:\/\/hostnetart.com.br\/baixada\/santander-demitiu-quase-500-funcionarios-em-um-mes\/"},"modified":"2020-07-07T20:03:07","modified_gmt":"2020-07-07T23:03:07","slug":"santander-demitiu-quase-500-funcionarios-em-um-mes","status":"publish","type":"post","link":"https:\/\/hostnetart.com.br\/baixada\/santander-demitiu-quase-500-funcionarios-em-um-mes\/","title":{"rendered":"Santander demitiu quase 500 funcion\u00e1rios em um m\u00eas"},"content":{"rendered":"<p>Em um m\u00eas, o banco Santander demitiu, no Brasil, 433 funcion\u00e1rios, segundo levantamento realizado pelos sindicatos dos banc\u00e1rios de todo o pa\u00eds, informa\u00a0<a href=\"https:\/\/www1.folha.uol.com.br\/mercado\/2020\/07\/santander-demite-20-pessoas-por-dia-util-em-junho.shtml\" target=\"_blank\" rel=\"noopener noreferrer\">reportagem publicada na Folha Online<\/a>\u00a0nesta segunda-feira (6). O jornal lembra que o banco quebrou seu compromisso de n\u00e3o demitir funcion\u00e1rios durante a crise sanit\u00e1ria causada pelo novo coronav\u00edrus que assola o pa\u00eds e as demiss\u00f5es est\u00e3o ocorrendo em diversos estados. O jornal informa, ainda, que o Santander \u00e9 o \u00fanico entre os maiores bancos do pa\u00eds a n\u00e3o respeitar o compromisso pela n\u00e3o demiss\u00e3o de funcion\u00e1rios neste per\u00edodo.<\/p>\n<p>O n\u00famero de demiss\u00f5es pode ser ainda maior, uma vez que o banco n\u00e3o apresenta os dados e os sindicatos tiveram que fazer um levantamento a partir das informa\u00e7\u00f5es que s\u00e3o passadas pelos pr\u00f3prios trabalhadores.<\/p>\n<p>\u201cNa quarta-feira (1\/7), tivemos uma reuni\u00e3o com o banco para tratar, entre outras coisas, deste assunto. Mas, o\u00a0<a href=\"https:\/\/contrafcut.com.br\/noticias\/santander-naturaliza-demissoes-durante-pandemia\/\" target=\"_blank\" rel=\"noopener noreferrer\">banco se recusou a negociar<\/a>\u00a0e n\u00e3o apresentou os dados. Marcamos uma nova reuni\u00e3o para sexta-feira (3), mas o\u00a0<a href=\"https:\/\/contrafcut.com.br\/noticias\/santander-cancela-reuniao-de-negociacoes\/\" target=\"_blank\" rel=\"noopener noreferrer\">banco a desmarcou<\/a>\u00a0momentos antes da hora marcada\u201d, lembrou o secret\u00e1rio de Assuntos Socioecon\u00f4micos e representante da Confedera\u00e7\u00e3o Nacional dos Trabalhadores do Ramo Financeiro (Contraf-CUT) nas negocia\u00e7\u00f5es com o Santander, Mario Raia.<\/p>\n<h3>Metas abusivas<\/h3>\n<p>Segundo o banco, as demiss\u00f5es s\u00e3o ajustes naturais em busca da competitividade e ocorrem quando n\u00e3o h\u00e1 cumprimento de metas. O banco lan\u00e7ou uma\u00a0<a href=\"https:\/\/spbancarios.com.br\/06\/2020\/metas-no-santander-crescem-na-pandemia\" target=\"_blank\" rel=\"noopener noreferrer\">campanha chamada \u201cMotor de Vendas\u201d<\/a>, que define o cumprimento pelos funcion\u00e1rios de metas crescentes.<\/p>\n<p>\u201c\u00c9 mais um dos compromissos descumpridos pelo Santander. Em mesa de negocia\u00e7\u00f5es entre a Fenaban (Federa\u00e7\u00e3o Nacional dos Bancos) e o Comando (Nacional dos Banc\u00e1rios), os bancos se comprometeram a n\u00e3o cobrar metas comerciais durante a pandeia. As \u00fanicas metas que permaneceram foram as de qualidade de atendimento\u201d, informou o dirigente da Contraf-CUT. \u201cMas, a gan\u00e2ncia do banco espanhol obriga os funcion\u00e1rios a empurrarem produtos para os clientes, mesmo neste momento em que as pessoas querem economizar dinheiro e n\u00e3o comprar produtos e servi\u00e7os banc\u00e1rios. Isso \u00e9 um absurdo!\u201d, disse Mario Raia, lembrando que o Santander j\u00e1 foi\u00a0<a href=\"https:\/\/economia.uol.com.br\/noticias\/redacao\/2019\/09\/11\/santander-e-condenado-por-impor-metas-abusivas-ao-trabalhador.htm\" target=\"_blank\" rel=\"noopener noreferrer\">condenado pela Justi\u00e7a<\/a>\u00a0pela pr\u00e1tica de cobran\u00e7a de metas abusivas.<\/p>\n<h3>Ataque aos aposentados<\/h3>\n<p>A reportagem da Folha tamb\u00e9m traz informa\u00e7\u00f5es sobre as\u00a0<a href=\"https:\/\/contrafcut.com.br\/noticias\/santander-quer-retirar-direitos-de-aposentados-e-ativos-durante-a-pandemia\/\" target=\"_blank\" rel=\"noopener noreferrer\">mudan\u00e7as que o Santander quer promover<\/a>\u00a0no fundo de previd\u00eancia dos funcion\u00e1rios do antigo Banespa (Banesprev), desrespeitando o termo de compromisso estabelecido em acordo coletivo e assinado pelo banco e pelos representantes de funcion\u00e1rios. Uma\u00a0<a href=\"https:\/\/contrafcut.com.br\/noticias\/banesprev-liminar-suspende-criacao-de-plano-que-prejudica-bancarios\/\" target=\"_blank\" rel=\"noopener noreferrer\">liminar pro\u00edbe o banco de dar continuidade \u00e0 mudan\u00e7a<\/a>.<\/p>\n<p>\u201cA proposta do Santander visa substituir o plano de benef\u00edcio definido \u2013no qual \u00e9 pr\u00e9-fixado o valor a ser retirado na aposentadoria\u2013 por um plano de contribui\u00e7\u00e3o definida \u2013que pr\u00e9-define a contribui\u00e7\u00e3o ao longo do plano e o montante a ser retirado varia em fun\u00e7\u00e3o da quantia, do tempo de contribui\u00e7\u00e3o e da rentabilidade\u201d, explica o jornal.<\/p>\n<p>\u201cComo vemos, o banco Santander \u00e9 um ass\u00edduo descumpridor de compromissos\u201d, concluiu Mario Raia.<\/p>\n<p><strong>Fonte: Contraf-CUT<\/strong><\/p>\n","protected":false},"excerpt":{"rendered":"<p>Em um m\u00eas, o banco Santander demitiu, no Brasil, 433 funcion\u00e1rios, segundo levantamento realizado pelos sindicatos dos banc\u00e1rios de todo o pa\u00eds, informa\u00a0reportagem publicada na Folha Online\u00a0nesta segunda-feira (6). O jornal lembra que o banco quebrou seu compromisso de n\u00e3o demitir funcion\u00e1rios durante a crise sanit\u00e1ria causada pelo novo coronav\u00edrus que assola o pa\u00eds e [&hellip;]<\/p>\n","protected":false},"author":2,"featured_media":9202,"comment_status":"","ping_status":"","sticky":false,"template":"","format":"standard","meta":{"footnotes":""},"categories":[3],"tags":[],"class_list":["post-9203","post","type-post","status-publish","format-standard","has-post-thumbnail","hentry","category-noticias"],"_links":{"self":[{"href":"https:\/\/hostnetart.com.br\/baixada\/wp-json\/wp\/v2\/posts\/9203","targetHints":{"allow":["GET"]}}],"collection":[{"href":"https:\/\/hostnetart.com.br\/baixada\/wp-json\/wp\/v2\/posts"}],"about":[{"href":"https:\/\/hostnetart.com.br\/baixada\/wp-json\/wp\/v2\/types\/post"}],"author":[{"embeddable":true,"href":"https:\/\/hostnetart.com.br\/baixada\/wp-json\/wp\/v2\/users\/2"}],"replies":[{"embeddable":true,"href":"https:\/\/hostnetart.com.br\/baixada\/wp-json\/wp\/v2\/comments?post=9203"}],"version-history":[{"count":0,"href":"https:\/\/hostnetart.com.br\/baixada\/wp-json\/wp\/v2\/posts\/9203\/revisions"}],"wp:featuredmedia":[{"embeddable":true,"href":"https:\/\/hostnetart.com.br\/baixada\/wp-json\/wp\/v2\/media\/9202"}],"wp:attachment":[{"href":"https:\/\/hostnetart.com.br\/baixada\/wp-json\/wp\/v2\/media?parent=9203"}],"wp:term":[{"taxonomy":"category","embeddable":true,"href":"https:\/\/hostnetart.com.br\/baixada\/wp-json\/wp\/v2\/categories?post=9203"},{"taxonomy":"post_tag","embeddable":true,"href":"https:\/\/hostnetart.com.br\/baixada\/wp-json\/wp\/v2\/tags?post=9203"}],"curies":[{"name":"wp","href":"https:\/\/api.w.org\/{rel}","templated":true}]}}