{"id":9195,"date":"2020-07-06T21:15:43","date_gmt":"2020-07-07T00:15:43","guid":{"rendered":"https:\/\/hostnetart.com.br\/baixada\/auxilio-emergencial-ate-dezembro-ajudaria-mais-vulneraveis-e-traria-dinamismo-economico\/"},"modified":"2020-07-06T21:15:43","modified_gmt":"2020-07-07T00:15:43","slug":"auxilio-emergencial-ate-dezembro-ajudaria-mais-vulneraveis-e-traria-dinamismo-economico","status":"publish","type":"post","link":"https:\/\/hostnetart.com.br\/baixada\/auxilio-emergencial-ate-dezembro-ajudaria-mais-vulneraveis-e-traria-dinamismo-economico\/","title":{"rendered":"Aux\u00edlio emergencial at\u00e9 dezembro ajudaria mais vulner\u00e1veis e traria dinamismo econ\u00f4mico"},"content":{"rendered":"<p>Especialistas defendem que o aux\u00edlio emergencial seja pago at\u00e9 dezembro. Entretanto, at\u00e9 o momento, os R$ 600 foram prorrogados\u00a0<a href=\"https:\/\/www.redebrasilatual.com.br\/economia\/2020\/07\/auxilio-emergencial-prorrogado\/\" target=\"_blank\" rel=\"noopener noreferrer\">por dois meses<\/a>\u00a0para trabalhadores informais e benefici\u00e1rios do Bolsa Fam\u00edlia.<\/p>\n<p>A colunista do\u00a0<em><a href=\"https:\/\/www.brasildefato.com.br\/\">Brasil de Fato<\/a><\/em>\u00a0e economista Juliane Furno explica que a renda vai al\u00e9m do incentivo ao isolamento social, \u00e9 um est\u00edmulo econ\u00f4mico que ajuda as fam\u00edlias mais pobres e, indiretamente, as de classe m\u00e9dia, que recebem aluguel, por exemplo. A prorroga\u00e7\u00e3o do aux\u00edlio foi decretada pelo presidente Jair Bolsonaro, no \u00faltimo dia 1\u00ba, e o governo pagar\u00e1 o aux\u00edlio de forma parcelada. Por outro lado, a iniciativa s\u00f3 foi adotada ap\u00f3s\u00a0<a href=\"https:\/\/www.redebrasilatual.com.br\/economia\/2020\/06\/auxilio-emergencial-estender\/\" target=\"_blank\" rel=\"noopener noreferrer\">press\u00e3o dos parlamentares de oposi\u00e7\u00e3o<\/a>, que continuam endossando a manuten\u00e7\u00e3o do benef\u00edcio at\u00e9 dezembro.<\/p>\n<p>Juliane explica que o governo teria dinheiro para bancar a renda emergencial at\u00e9 dezembro, j\u00e1 que ela praticamente se paga. \u201cAs pessoas que recebem n\u00e3o v\u00e3o investir no Tesouro, v\u00e3o gastar, o que cria um dinamismo no mercado interno. Um\u00a0<a href=\"https:\/\/www.redebrasilatual.com.br\/economia\/2020\/06\/auxilio-emergencial-ate-dezembro-reduz-impactos-da-crise-na-economia-diz-ufmg\/\" target=\"_blank\" rel=\"noopener noreferrer\">estudo da Universidade Federal de Minas Gerais (UFMG)<\/a>\u00a0mostra que o dinheiro voltar\u00e1 para os cofres p\u00fablicos e a capacidade de arrecada\u00e7\u00e3o do Estado fica cinco vezes maior\u201d, acrescentou, em entrevista ao\u00a0<strong>Brasil<\/strong>\u00a0<strong>TVT<\/strong>.<\/p>\n<h2>Renda b\u00e1sica<\/h2>\n<p>A\u00a0<a href=\"https:\/\/www.redebrasilatual.com.br\/economia\/2020\/05\/auxilio-emergencial-estudo-economia\/\" target=\"_blank\" rel=\"noopener noreferrer\">manuten\u00e7\u00e3o do aux\u00edlio emergencial at\u00e9 dezembro<\/a>\u00a0\u00e9 necess\u00e1ria j\u00e1 que ningu\u00e9m sabe a situa\u00e7\u00e3o da economia daqui a dois meses. O ex-ministro do Trabalho e da Previd\u00eancia Ricardo Berzoini afirma que manter o n\u00edvel de atividade econ\u00f4mica, sem jogar o Brasil numa recess\u00e3o pior, depende do pagamento do benef\u00edcio at\u00e9 o fim do ano.<\/p>\n<p>\u201cO governo acredita que a economia vai voltar, mas s\u00f3 ser\u00e1 retomada se houver um plano de obras e pol\u00edticas sociais. Sem isso, vamos ficar quatro anos com a economia reprimida, jogando milh\u00f5es de brasileiros na mis\u00e9ria\u201d, criticou, \u00e0 jornalista Marilu Caba\u00f1as, do\u00a0<strong>Jornal Brasil Atual<\/strong>.<\/p>\n<p>Juliane Furno acrescenta que o debate sobre a continuidade do pagamento dos R$ 600 n\u00e3o \u00e9 t\u00e9cnica, mas pol\u00edtica. Na avalia\u00e7\u00e3o dela, o governo tem capacidade de pagar por mais tempo, o que demanda vontade pol\u00edtica para tributar os mais ricos do pa\u00eds.<\/p>\n<p>\u201cO que cabe no or\u00e7amento n\u00e3o \u00e9 uma decis\u00e3o econ\u00f4mica, porque o gasto do Estado n\u00e3o \u00e9 constrangido pelo volume da arrecada\u00e7\u00e3o tribut\u00e1ria. O Estado pode definir o quanto arrecada, tributando grandes fortunas e coisas do tipo, e pode gastar mais utilizando o endividamento p\u00fablico e definindo a taxa de juros\u201d, explicou.<\/p>\n<p>Ela ainda acrescenta que Paulo Guedes quer criar o Renda Brasil para retirar recursos da sa\u00fade e da educa\u00e7\u00e3o p\u00fablicas, com o argumento que a pessoa poder\u00e1 consumir esses segmentos no mercado. \u201cA renda b\u00e1sica \u00e9 necess\u00e1ria, mas em conjunto com os servi\u00e7os de melhoria\u201d, finalizou.<\/p>\n<p><strong>Fonte: Rede Brasil Atual<\/strong><\/p>\n","protected":false},"excerpt":{"rendered":"<p>Especialistas defendem que o aux\u00edlio emergencial seja pago at\u00e9 dezembro. Entretanto, at\u00e9 o momento, os R$ 600 foram prorrogados\u00a0por dois meses\u00a0para trabalhadores informais e benefici\u00e1rios do Bolsa Fam\u00edlia. A colunista do\u00a0Brasil de Fato\u00a0e economista Juliane Furno explica que a renda vai al\u00e9m do incentivo ao isolamento social, \u00e9 um est\u00edmulo econ\u00f4mico que ajuda as fam\u00edlias [&hellip;]<\/p>\n","protected":false},"author":2,"featured_media":9194,"comment_status":"","ping_status":"","sticky":false,"template":"","format":"standard","meta":{"footnotes":""},"categories":[3],"tags":[],"class_list":["post-9195","post","type-post","status-publish","format-standard","has-post-thumbnail","hentry","category-noticias"],"_links":{"self":[{"href":"https:\/\/hostnetart.com.br\/baixada\/wp-json\/wp\/v2\/posts\/9195","targetHints":{"allow":["GET"]}}],"collection":[{"href":"https:\/\/hostnetart.com.br\/baixada\/wp-json\/wp\/v2\/posts"}],"about":[{"href":"https:\/\/hostnetart.com.br\/baixada\/wp-json\/wp\/v2\/types\/post"}],"author":[{"embeddable":true,"href":"https:\/\/hostnetart.com.br\/baixada\/wp-json\/wp\/v2\/users\/2"}],"replies":[{"embeddable":true,"href":"https:\/\/hostnetart.com.br\/baixada\/wp-json\/wp\/v2\/comments?post=9195"}],"version-history":[{"count":0,"href":"https:\/\/hostnetart.com.br\/baixada\/wp-json\/wp\/v2\/posts\/9195\/revisions"}],"wp:featuredmedia":[{"embeddable":true,"href":"https:\/\/hostnetart.com.br\/baixada\/wp-json\/wp\/v2\/media\/9194"}],"wp:attachment":[{"href":"https:\/\/hostnetart.com.br\/baixada\/wp-json\/wp\/v2\/media?parent=9195"}],"wp:term":[{"taxonomy":"category","embeddable":true,"href":"https:\/\/hostnetart.com.br\/baixada\/wp-json\/wp\/v2\/categories?post=9195"},{"taxonomy":"post_tag","embeddable":true,"href":"https:\/\/hostnetart.com.br\/baixada\/wp-json\/wp\/v2\/tags?post=9195"}],"curies":[{"name":"wp","href":"https:\/\/api.w.org\/{rel}","templated":true}]}}