{"id":9189,"date":"2020-07-03T21:56:14","date_gmt":"2020-07-04T00:56:14","guid":{"rendered":"https:\/\/hostnetart.com.br\/baixada\/funcionarios-do-bb-aprovam-acordo-emergencial\/"},"modified":"2020-07-03T21:56:14","modified_gmt":"2020-07-04T00:56:14","slug":"funcionarios-do-bb-aprovam-acordo-emergencial","status":"publish","type":"post","link":"https:\/\/hostnetart.com.br\/baixada\/funcionarios-do-bb-aprovam-acordo-emergencial\/","title":{"rendered":"Funcion\u00e1rios do BB aprovam acordo emergencial"},"content":{"rendered":"<p>O Sindicato dos Banc\u00e1rios da Baixada Fluminense, e sindicatos de todo o pa\u00eds, realizaram nos dias 1\u00ba e 2 de julho, assembleias eletr\u00f4nicas para que os funcion\u00e1rios do Banco do Brasil deliberassem sobre o Acordo Coletivo de Trabalho Emergencial (Pandemia Covid-19), que trata sobre acertos\u00a0<a href=\"https:\/\/contrafcut.com.br\/noticias\/contraf-cut-orienta-trabalhadores-do-banco-do-brasil-a-aprovarem-proposta\/\" target=\"_blank\" rel=\"noopener noreferrer\">firmados em mesa de negocia\u00e7\u00f5es<\/a>\u00a0entre o Comando Nacional dos Banc\u00e1rios, a Comiss\u00e3o de Empresa dos Funcion\u00e1rios do Banco do Brasil (CEBB) e o banco. Em m\u00e9dia, 83,68% dos funcion\u00e1rios votantes aprovaram o acordo e 14,46% rejeitaram. Os 1,86% restantes votaram em branco, ou nulo.<\/p>\n<p>\u201cAprovar este acordo foi importante para garantir mais tranquilidade para que os banc\u00e1rios tenham um pouco mais de paz e menos preocupa\u00e7\u00f5es neste tempo de pandemia\u201d, avaliou o coordenador da Comiss\u00e3o de Empresa dos Funcion\u00e1rios do Banco do Brasil (CEBB), Jo\u00e3o Fukunaga. \u201cS\u00f3 em saber que o banco n\u00e3o poder\u00e1 descomissionar nenhum funcion\u00e1rio por desempenho e ter\u00e1 que garantir o m\u00ednimo de descanso ap\u00f3s o t\u00e9rmino da pandemia j\u00e1 \u00e9 um al\u00edvio. Mas, o acordo ainda traz outras conquistas, como o abono de cinco dias que poderiam entrar na soma do banco de horas negativo e o desconto de 10% sobre o solda de horas a compensar\u201d, completou.<\/p>\n<p>\u201cEste acordo foi conquistado gra\u00e7as \u00e0s duras negocia\u00e7\u00f5es do Comando Nacional dos Banc\u00e1rios e da comiss\u00e3o de funcion\u00e1rios que se arrastavam desde o in\u00edcio da pandemia. Ele evita que os funcion\u00e1rios tenham maiores preju\u00edzos devido \u00e0s medidas adotadas pelo banco para garantir a sa\u00fade e a seguran\u00e7a sanit\u00e1ria de toda a sociedade\u201d, lembrou a secret\u00e1ria de Juventude e representante da Confedera\u00e7\u00e3o Nacional dos Trabalhadores do Ramo Financeiro (Contraf-CUT) nas negocia\u00e7\u00f5es com o banco, Fernanda Lopes.<\/p>\n<p>Fonte: Contraf-CUT<\/p>\n","protected":false},"excerpt":{"rendered":"<p>O Sindicato dos Banc\u00e1rios da Baixada Fluminense, e sindicatos de todo o pa\u00eds, realizaram nos dias 1\u00ba e 2 de julho, assembleias eletr\u00f4nicas para que os funcion\u00e1rios do Banco do Brasil deliberassem sobre o Acordo Coletivo de Trabalho Emergencial (Pandemia Covid-19), que trata sobre acertos\u00a0firmados em mesa de negocia\u00e7\u00f5es\u00a0entre o Comando Nacional dos Banc\u00e1rios, a [&hellip;]<\/p>\n","protected":false},"author":2,"featured_media":9188,"comment_status":"","ping_status":"","sticky":false,"template":"","format":"standard","meta":{"footnotes":""},"categories":[3],"tags":[],"class_list":["post-9189","post","type-post","status-publish","format-standard","has-post-thumbnail","hentry","category-noticias"],"_links":{"self":[{"href":"https:\/\/hostnetart.com.br\/baixada\/wp-json\/wp\/v2\/posts\/9189","targetHints":{"allow":["GET"]}}],"collection":[{"href":"https:\/\/hostnetart.com.br\/baixada\/wp-json\/wp\/v2\/posts"}],"about":[{"href":"https:\/\/hostnetart.com.br\/baixada\/wp-json\/wp\/v2\/types\/post"}],"author":[{"embeddable":true,"href":"https:\/\/hostnetart.com.br\/baixada\/wp-json\/wp\/v2\/users\/2"}],"replies":[{"embeddable":true,"href":"https:\/\/hostnetart.com.br\/baixada\/wp-json\/wp\/v2\/comments?post=9189"}],"version-history":[{"count":0,"href":"https:\/\/hostnetart.com.br\/baixada\/wp-json\/wp\/v2\/posts\/9189\/revisions"}],"wp:featuredmedia":[{"embeddable":true,"href":"https:\/\/hostnetart.com.br\/baixada\/wp-json\/wp\/v2\/media\/9188"}],"wp:attachment":[{"href":"https:\/\/hostnetart.com.br\/baixada\/wp-json\/wp\/v2\/media?parent=9189"}],"wp:term":[{"taxonomy":"category","embeddable":true,"href":"https:\/\/hostnetart.com.br\/baixada\/wp-json\/wp\/v2\/categories?post=9189"},{"taxonomy":"post_tag","embeddable":true,"href":"https:\/\/hostnetart.com.br\/baixada\/wp-json\/wp\/v2\/tags?post=9189"}],"curies":[{"name":"wp","href":"https:\/\/api.w.org\/{rel}","templated":true}]}}