{"id":9187,"date":"2020-07-03T20:13:07","date_gmt":"2020-07-03T23:13:07","guid":{"rendered":"https:\/\/hostnetart.com.br\/baixada\/financeiras-acenam-com-renovacao-da-cct-por-dois-anos\/"},"modified":"2020-07-03T20:13:07","modified_gmt":"2020-07-03T23:13:07","slug":"financeiras-acenam-com-renovacao-da-cct-por-dois-anos","status":"publish","type":"post","link":"https:\/\/hostnetart.com.br\/baixada\/financeiras-acenam-com-renovacao-da-cct-por-dois-anos\/","title":{"rendered":"Financeiras acenam com renova\u00e7\u00e3o da CCT por dois anos"},"content":{"rendered":"<p>Na primeira reuni\u00e3o da Campanha Nacional 2020, realizada por videoconfer\u00eancia na manh\u00e3 desta sexta-feira (3), a Federa\u00e7\u00e3o Interestadual das Institui\u00e7\u00f5es de Cr\u00e9dito, Financiamento e Investimento (Fenacrefi) acenou com a renova\u00e7\u00e3o da Conven\u00e7\u00e3o Coletiva de Trabalho (CCT) por dois anos.<\/p>\n<p>\u201cEst\u00e1 \u00e9 uma antiga reivindica\u00e7\u00e3o nossa, assegurar os direitos da categoria por um per\u00edodo mais longo\u201d, afirmou Jair Alves, coordenador da Comiss\u00e3o de Organiza\u00e7\u00e3o dos Financi\u00e1rios. \u201cN\u00f3s queremos discutir agora os avan\u00e7os para a categoria, al\u00e9m das cl\u00e1usulas econ\u00f4micas\u201d, completou.<\/p>\n<p>A pr\u00f3xima reuni\u00e3o ficou marcada para o dia 10 de julho.<\/p>\n<p>A Comiss\u00e3o de Organiza\u00e7\u00e3o dos Financi\u00e1rios enviou a pauta de reivindica\u00e7\u00f5es da categoria, com data-base em 1\u00ba de junho, no dia 10 de junho.<\/p>\n<p><strong>Fonte: Contraf-CUT<\/strong><\/p>\n","protected":false},"excerpt":{"rendered":"<p>Na primeira reuni\u00e3o da Campanha Nacional 2020, realizada por videoconfer\u00eancia na manh\u00e3 desta sexta-feira (3), a Federa\u00e7\u00e3o Interestadual das Institui\u00e7\u00f5es de Cr\u00e9dito, Financiamento e Investimento (Fenacrefi) acenou com a renova\u00e7\u00e3o da Conven\u00e7\u00e3o Coletiva de Trabalho (CCT) por dois anos. \u201cEst\u00e1 \u00e9 uma antiga reivindica\u00e7\u00e3o nossa, assegurar os direitos da categoria por um per\u00edodo mais longo\u201d, [&hellip;]<\/p>\n","protected":false},"author":2,"featured_media":9186,"comment_status":"","ping_status":"","sticky":false,"template":"","format":"standard","meta":{"footnotes":""},"categories":[3],"tags":[],"class_list":["post-9187","post","type-post","status-publish","format-standard","has-post-thumbnail","hentry","category-noticias"],"_links":{"self":[{"href":"https:\/\/hostnetart.com.br\/baixada\/wp-json\/wp\/v2\/posts\/9187","targetHints":{"allow":["GET"]}}],"collection":[{"href":"https:\/\/hostnetart.com.br\/baixada\/wp-json\/wp\/v2\/posts"}],"about":[{"href":"https:\/\/hostnetart.com.br\/baixada\/wp-json\/wp\/v2\/types\/post"}],"author":[{"embeddable":true,"href":"https:\/\/hostnetart.com.br\/baixada\/wp-json\/wp\/v2\/users\/2"}],"replies":[{"embeddable":true,"href":"https:\/\/hostnetart.com.br\/baixada\/wp-json\/wp\/v2\/comments?post=9187"}],"version-history":[{"count":0,"href":"https:\/\/hostnetart.com.br\/baixada\/wp-json\/wp\/v2\/posts\/9187\/revisions"}],"wp:featuredmedia":[{"embeddable":true,"href":"https:\/\/hostnetart.com.br\/baixada\/wp-json\/wp\/v2\/media\/9186"}],"wp:attachment":[{"href":"https:\/\/hostnetart.com.br\/baixada\/wp-json\/wp\/v2\/media?parent=9187"}],"wp:term":[{"taxonomy":"category","embeddable":true,"href":"https:\/\/hostnetart.com.br\/baixada\/wp-json\/wp\/v2\/categories?post=9187"},{"taxonomy":"post_tag","embeddable":true,"href":"https:\/\/hostnetart.com.br\/baixada\/wp-json\/wp\/v2\/tags?post=9187"}],"curies":[{"name":"wp","href":"https:\/\/api.w.org\/{rel}","templated":true}]}}