{"id":9185,"date":"2020-07-03T20:12:16","date_gmt":"2020-07-03T23:12:16","guid":{"rendered":"https:\/\/hostnetart.com.br\/baixada\/santander-cancela-reuniao-de-negociacoes\/"},"modified":"2020-07-03T20:12:16","modified_gmt":"2020-07-03T23:12:16","slug":"santander-cancela-reuniao-de-negociacoes","status":"publish","type":"post","link":"https:\/\/hostnetart.com.br\/baixada\/santander-cancela-reuniao-de-negociacoes\/","title":{"rendered":"Santander cancela reuni\u00e3o de negocia\u00e7\u00f5es"},"content":{"rendered":"<p>O Banco Santander entrou em contato com a representa\u00e7\u00e3o dos trabalhadores, nesta sexta-feira (3) pela manh\u00e3 e cancelou a reuni\u00e3o que havia sido agendada esta tarde, \u00e0s 14h. O objetivo da reuni\u00e3o era dar continuidade \u00e0s conversa\u00e7\u00f5es da tarde de quarta-feira (1\u00ba) e o banco apresentar detalhes sobre o programa Motor de Vendas, sobre a mudan\u00e7a de fun\u00e7\u00e3o do GA e do GR; e uma proposta de banco de horas negativo.<\/p>\n<p>Na\u00a0<a href=\"https:\/\/contrafcut.com.br\/noticias\/santander-naturaliza-demissoes-durante-pandemia\/\" target=\"_blank\" rel=\"noopener noreferrer\">reuni\u00e3o de quarta-feira<\/a>, o banco n\u00e3o aceitou qualquer tipo de negocia\u00e7\u00e3o para cessar as demiss\u00f5es e a pol\u00edtica abusiva de cobran\u00e7a de metas e, pior do que isso, tratou as demiss\u00f5es neste momento de pandemia como ajustes naturais para que o banco se torne competitivo.<\/p>\n<p>\u201cEsperamos que o Santander nos apresente uma nova data de reuni\u00e3o o mais r\u00e1pido poss\u00edvel. Enquanto isso, continuaremos denunciando o desrespeito do Santander aos compromissos assumidos e com os trabalhadores\u201d, informou o secret\u00e1rio de Assuntos Socioecon\u00f4micos e representante da Contraf-CUT nas negocia\u00e7\u00f5es com o banco, Mario Raia.<\/p>\n<p><strong>Fonte: Contraf-CUT<\/strong><\/p>\n","protected":false},"excerpt":{"rendered":"<p>O Banco Santander entrou em contato com a representa\u00e7\u00e3o dos trabalhadores, nesta sexta-feira (3) pela manh\u00e3 e cancelou a reuni\u00e3o que havia sido agendada esta tarde, \u00e0s 14h. O objetivo da reuni\u00e3o era dar continuidade \u00e0s conversa\u00e7\u00f5es da tarde de quarta-feira (1\u00ba) e o banco apresentar detalhes sobre o programa Motor de Vendas, sobre a [&hellip;]<\/p>\n","protected":false},"author":2,"featured_media":9184,"comment_status":"","ping_status":"","sticky":false,"template":"","format":"standard","meta":{"footnotes":""},"categories":[3],"tags":[],"class_list":["post-9185","post","type-post","status-publish","format-standard","has-post-thumbnail","hentry","category-noticias"],"_links":{"self":[{"href":"https:\/\/hostnetart.com.br\/baixada\/wp-json\/wp\/v2\/posts\/9185","targetHints":{"allow":["GET"]}}],"collection":[{"href":"https:\/\/hostnetart.com.br\/baixada\/wp-json\/wp\/v2\/posts"}],"about":[{"href":"https:\/\/hostnetart.com.br\/baixada\/wp-json\/wp\/v2\/types\/post"}],"author":[{"embeddable":true,"href":"https:\/\/hostnetart.com.br\/baixada\/wp-json\/wp\/v2\/users\/2"}],"replies":[{"embeddable":true,"href":"https:\/\/hostnetart.com.br\/baixada\/wp-json\/wp\/v2\/comments?post=9185"}],"version-history":[{"count":0,"href":"https:\/\/hostnetart.com.br\/baixada\/wp-json\/wp\/v2\/posts\/9185\/revisions"}],"wp:featuredmedia":[{"embeddable":true,"href":"https:\/\/hostnetart.com.br\/baixada\/wp-json\/wp\/v2\/media\/9184"}],"wp:attachment":[{"href":"https:\/\/hostnetart.com.br\/baixada\/wp-json\/wp\/v2\/media?parent=9185"}],"wp:term":[{"taxonomy":"category","embeddable":true,"href":"https:\/\/hostnetart.com.br\/baixada\/wp-json\/wp\/v2\/categories?post=9185"},{"taxonomy":"post_tag","embeddable":true,"href":"https:\/\/hostnetart.com.br\/baixada\/wp-json\/wp\/v2\/tags?post=9185"}],"curies":[{"name":"wp","href":"https:\/\/api.w.org\/{rel}","templated":true}]}}