{"id":9183,"date":"2020-07-03T20:11:03","date_gmt":"2020-07-03T23:11:03","guid":{"rendered":"https:\/\/hostnetart.com.br\/baixada\/depois-de-cobranca-dos-empregados-caixa-faz-quarta-atualizacao-do-protocolo-de-saude-e-seguranca\/"},"modified":"2020-07-03T20:11:03","modified_gmt":"2020-07-03T23:11:03","slug":"depois-de-cobranca-dos-empregados-caixa-faz-quarta-atualizacao-do-protocolo-de-saude-e-seguranca","status":"publish","type":"post","link":"https:\/\/hostnetart.com.br\/baixada\/depois-de-cobranca-dos-empregados-caixa-faz-quarta-atualizacao-do-protocolo-de-saude-e-seguranca\/","title":{"rendered":"Depois de cobran\u00e7a dos empregados, Caixa faz quarta atualiza\u00e7\u00e3o do protocolo de sa\u00fade e seguran\u00e7a"},"content":{"rendered":"<p>A Caixa Econ\u00f4mica Federal anunciou, no final da quarta-feira (1), mudan\u00e7as no Protocolo do Gestor do banco. Entre elas est\u00e3o a atualiza\u00e7\u00e3o das diretrizes para preven\u00e7\u00e3o, controle e mitiga\u00e7\u00e3o dos riscos de transmiss\u00e3o da Covid-19 em ambiente de trabalho.<\/p>\n<p>Cobrada pela Confedera\u00e7\u00e3o Nacional dos Trabalhadores do Ramo Financeiro (Contraf-CUT) e criticada pelos sindicatos, a Caixa reviu a conduta em rela\u00e7\u00e3o aos casos suspeitos e confirmados da Covid-19 e seus contatantes retornando o afastamento para 14 dias.<\/p>\n<p>Al\u00e9m disso aprimorou outras condutas que n\u00e3o eram previstas no protocolo anterior como \u201cempregado que teve contato com caso confirmado da COVID-19, durante mais de 15 minutos a menos de um metro de dist\u00e2ncia\u201d fez exame e mesmo com resultado negativo para aquele momento ser\u00e1 colocado em projeto remoto para verificar se apresentar\u00e1 algum sintoma. Outro ponto importante nesse protocolo \u00e9 a amplia\u00e7\u00e3o dos atestados contendo CID ligado \u00e0 COVID-19 (CID B34.2 \u2013 B97.2 \u2013 U07.1 \u2013 U07.2), SRAG ou express\u00e3o \u201csuspeito de COVID-19\u2033.<\/p>\n<p>Outro item cobrado pela Contraf-CUT e que avan\u00e7ou neste protocolo \u00e9 a quest\u00e3o dos testes para os empregados. O empregado que teve contato com caso confirmado da COVID-19, durante mais de 15 minutos a menos de um metro de dist\u00e2ncia, ser\u00e1 direcionado para realiza\u00e7\u00e3o de Exame Laboratorial para afastar a hip\u00f3tese de contamina\u00e7\u00e3o. E \u00e9 a unidade que vai checar com a \u00e1rea de Pessoas se h\u00e1 fornecedor habilitado na regi\u00e3o para realiza\u00e7\u00e3o da testagem.<\/p>\n<p>\u201cS\u00e3o avan\u00e7os importantes considerando que a curva de cont\u00e1gio est\u00e1 em pleno crescimento. Defendemos o home office pros colegas, mas na impossibilidade da CAIXA atender nossas reivindica\u00e7\u00f5es, o m\u00ednimo \u00e9 que ela tenha protocolos condizentes \u00e0s recomenda\u00e7\u00f5es dos \u00f3rg\u00e3os reconhecidos internacionalmente como refer\u00eancia no assunto\u201d, diz Fabiana Uehara Proscholt, secret\u00e1ria da Cultura e representante da Contraf-CUT nas negocia\u00e7\u00f5es com a Caixa.<\/p>\n<p><strong>Fonte: Contraf-CUT<\/strong><\/p>\n","protected":false},"excerpt":{"rendered":"<p>A Caixa Econ\u00f4mica Federal anunciou, no final da quarta-feira (1), mudan\u00e7as no Protocolo do Gestor do banco. Entre elas est\u00e3o a atualiza\u00e7\u00e3o das diretrizes para preven\u00e7\u00e3o, controle e mitiga\u00e7\u00e3o dos riscos de transmiss\u00e3o da Covid-19 em ambiente de trabalho. Cobrada pela Confedera\u00e7\u00e3o Nacional dos Trabalhadores do Ramo Financeiro (Contraf-CUT) e criticada pelos sindicatos, a Caixa [&hellip;]<\/p>\n","protected":false},"author":2,"featured_media":9182,"comment_status":"","ping_status":"","sticky":false,"template":"","format":"standard","meta":{"footnotes":""},"categories":[3],"tags":[],"class_list":["post-9183","post","type-post","status-publish","format-standard","has-post-thumbnail","hentry","category-noticias"],"_links":{"self":[{"href":"https:\/\/hostnetart.com.br\/baixada\/wp-json\/wp\/v2\/posts\/9183","targetHints":{"allow":["GET"]}}],"collection":[{"href":"https:\/\/hostnetart.com.br\/baixada\/wp-json\/wp\/v2\/posts"}],"about":[{"href":"https:\/\/hostnetart.com.br\/baixada\/wp-json\/wp\/v2\/types\/post"}],"author":[{"embeddable":true,"href":"https:\/\/hostnetart.com.br\/baixada\/wp-json\/wp\/v2\/users\/2"}],"replies":[{"embeddable":true,"href":"https:\/\/hostnetart.com.br\/baixada\/wp-json\/wp\/v2\/comments?post=9183"}],"version-history":[{"count":0,"href":"https:\/\/hostnetart.com.br\/baixada\/wp-json\/wp\/v2\/posts\/9183\/revisions"}],"wp:featuredmedia":[{"embeddable":true,"href":"https:\/\/hostnetart.com.br\/baixada\/wp-json\/wp\/v2\/media\/9182"}],"wp:attachment":[{"href":"https:\/\/hostnetart.com.br\/baixada\/wp-json\/wp\/v2\/media?parent=9183"}],"wp:term":[{"taxonomy":"category","embeddable":true,"href":"https:\/\/hostnetart.com.br\/baixada\/wp-json\/wp\/v2\/categories?post=9183"},{"taxonomy":"post_tag","embeddable":true,"href":"https:\/\/hostnetart.com.br\/baixada\/wp-json\/wp\/v2\/tags?post=9183"}],"curies":[{"name":"wp","href":"https:\/\/api.w.org\/{rel}","templated":true}]}}