{"id":9181,"date":"2020-07-03T20:09:14","date_gmt":"2020-07-03T23:09:14","guid":{"rendered":"https:\/\/hostnetart.com.br\/baixada\/santander-naturaliza-demissoes-durante-pandemia\/"},"modified":"2020-07-03T20:09:14","modified_gmt":"2020-07-03T23:09:14","slug":"santander-naturaliza-demissoes-durante-pandemia","status":"publish","type":"post","link":"https:\/\/hostnetart.com.br\/baixada\/santander-naturaliza-demissoes-durante-pandemia\/","title":{"rendered":"Santander naturaliza demiss\u00f5es durante pandemia"},"content":{"rendered":"<p>Em reuni\u00e3o por videoconfer\u00eancia entre a Comiss\u00e3o de Organiza\u00e7\u00e3o dos Empregados (COE) e o Santander, ocorrida na quarta-feira (1\u00ba), o banco n\u00e3o aceitou qualquer tipo de negocia\u00e7\u00e3o para cessar as demiss\u00f5es e a pol\u00edtica abusiva de cobran\u00e7a de metas e, pior do que isso, tratou as demiss\u00f5es neste momento de pandeia como ajustes naturais para que o banco se torne competitivo.<\/p>\n<p>\u201cPara um banco que, em tr\u00eas meses, teve\u00a0<a href=\"https:\/\/contrafcut.com.br\/noticias\/lucro-do-santander-cresce-105-no-1o-trimestre-e-chega-aos-r-385-bilhoes\/\" target=\"_blank\" rel=\"noopener noreferrer\">lucro l\u00edquido de R$ 3,85 bi<\/a>, isso \u00e9, no m\u00ednimo, desumano. Ainda mais num momento em que temos mais de mil mortes por Covid-19 ao dia e o\u00a0<a href=\"https:\/\/g1.globo.com\/economia\/noticia\/2020\/06\/30\/desemprego-sobe-para-129percent-em-maio.ghtml\" target=\"_blank\" rel=\"noopener noreferrer\">desemprego atinge quase 13% dos brasileiros<\/a>\u201d, criticou o secret\u00e1rio de Assuntos Socioecon\u00f4micos e representante da Contraf-CUT nas negocia\u00e7\u00f5es com o banco, Mario Raia. \u201cMas, mesmo obtendo no Brasil 29% do total de seu lucro mundial, parece-nos que o banco espanhol n\u00e3o se importa com os brasileiros\u201d, completou o dirigente sindical ao lembrar que o banco trata de forma mais dura seus funcion\u00e1rios e clientes do Brasil.<\/p>\n<h3>Sem negocia\u00e7\u00e3o<\/h3>\n<p>O banco voltou a recha\u00e7ar a informa\u00e7\u00e3o veiculada pelo jornal Folha de S. Paulo de que o\u00a0<a href=\"https:\/\/www1.folha.uol.com.br\/mercado\/2020\/06\/santander-planeja-demitir-20-dos-funcionarios-no-brasil-durante-a-pandemia-de-covid.shtml\" target=\"_blank\" rel=\"noopener noreferrer\">banco planeja demitir 20% de seu quadro de pessoal<\/a>, mas continua demitindo funcion\u00e1rios e n\u00e3o apresentou nenhuma informa\u00e7\u00e3o sobre quantas demiss\u00f5es j\u00e1 foram feitas e tampouco quantas ser\u00e3o.<\/p>\n<p><a href=\"https:\/\/spbancarios.com.br\/07\/2020\/para-santander-tudo-esta-otimo-e-trabalhadores-estao-felizes\" target=\"_blank\" rel=\"noopener noreferrer\">Para a coordenadora da COE<\/a>\u00a0do Santander, Maria Rosani, o banco quebrou o compromisso assumido com o Comando Nacional dos Banc\u00e1rios de que n\u00e3o demitiria funcion\u00e1rios durante a pandemia. Ela lembra que o compromisso tamb\u00e9m est\u00e1 registrado no balan\u00e7o trimestral do banco.<\/p>\n<p>\u201cO banco mente inclusive para seus acionistas e para a sociedade, pois em seu balan\u00e7o trimestral est\u00e1 escrito que n\u00e3o demitiria durante a pandemia. Ou seja, no documento oficial que \u00e9 divulgado para o mundo e para os acionistas, o Santander Brasil passa a imagem de empresa respons\u00e1vel socialmente, coisa que na realidade n\u00e3o \u00e9\u201d, disse Rosani. Em seu\u00a0<a href=\"https:\/\/contrafcut.com.br\/df-brgaap-1t20\/\" target=\"_blank\" rel=\"noopener noreferrer\">relat\u00f3rio de Demonstra\u00e7\u00f5es Financeiras<\/a>\u00a0do 1\u00ba trimestre de 2020, o Santander afirmou que \u201cdevido ao contexto atual do Covid-19, o Santander firmou o compromisso de n\u00e3o demitir funcion\u00e1rios durante a crise.\u201d<\/p>\n<p>Mario tamb\u00e9m coloca em d\u00favida a credibilidade do banco. \u201cN\u00e3o \u00e9 poss\u00edvel acreditar que, em uma reuni\u00e3o que tinha como ponto de pauta as demiss\u00f5es, o banco n\u00e3o tenha trazido qualquer informa\u00e7\u00e3o sobre o tema. Ficou claro que foi uma reuni\u00e3o pr\u00f3 forma, na qual o banco participou apenas por participar, mas sem nenhum compromisso, inten\u00e7\u00e3o, ou poder para negociar\u201d, disse.<\/p>\n<p>Para o dirigente da Contraf-CUT, na verdade, o Santander foge das negocia\u00e7\u00f5es espec\u00edficas e emperra as tratativas com os demais bancos. \u201cN\u00e3o deixa as negocia\u00e7\u00f5es flu\u00edrem na mesa conjunta da Fenaban (Federa\u00e7\u00e3o Nacional dos Bancos) ao dizer que se trata de assunto espec\u00edfico de cada banco e n\u00e3o aceita negociar na mesa individual. \u00c9 uma t\u00edpica postura de quem n\u00e3o quer negociar e foge do compromisso\u201d, disse.<\/p>\n<h3>Metas abusivas<\/h3>\n<p>Outro ponto de pauta menosprezado pelo banco foi a cobran\u00e7a abusiva de metas, que j\u00e1 gerou condena\u00e7\u00e3o judicial ao Santander. O banco lan\u00e7ou uma\u00a0<a href=\"https:\/\/spbancarios.com.br\/06\/2020\/metas-no-santander-crescem-na-pandemia\" target=\"_blank\" rel=\"noopener noreferrer\">campanha chamada \u201cMotor de Vendas\u201d<\/a>, que define o cumprimento pelos funcion\u00e1rios de metas crescentes. Muitos gestores orientam os funcion\u00e1rios a postarem fotografias com cartazes informando quantos produtos venderam no dia e na semana, com metas de 10 produtos vendidos por dia e 55 na semana.<\/p>\n<p>\u201cO banco alega que a campanha n\u00e3o \u00e9 orienta\u00e7\u00e3o institucional, mas uma pr\u00e1tica realizada pelos pr\u00f3prios gestores. Mas, se ela \u00e9 feita por todos os gestores, em todas as redes comerciais, passou a ser uma pr\u00e1tica da institui\u00e7\u00e3o. O banco n\u00e3o pode, simplesmente, menosprezar a pr\u00e1tica. Ainda mais tendo consci\u00eancia de que os gestores est\u00e3o fazendo isso\u201d, argumentou o dirigente da Contraf-CUT.<\/p>\n<h3>Home office e o dito pelo n\u00e3o dito<\/h3>\n<p><a href=\"https:\/\/www.youtube.com\/watch?v=28Qpcs2Bd_8\" target=\"_blank\" rel=\"noopener noreferrer\">Em entrevista ao vivo<\/a>, divulgada no canal do Santander no Youtube, o presidente do banco no Brasil, Sergio Rial, afirmou que os funcion\u00e1rios que trabalham em home office devem \u201cvoluntariamente\u201d abrir m\u00e3o de direitos e parte da remunera\u00e7\u00e3o. Segundo Rial, os funcion\u00e1rios que trabalham em home office t\u00eam gastos menores e deveriam dividir parte destas economias com o banco.<\/p>\n<p>Ao ser questionado na reuni\u00e3o sobre tal afirma\u00e7\u00e3o, a representa\u00e7\u00e3o do banco disse que n\u00e3o existe nenhum projeto do banco sobre o home office e que a afirma\u00e7\u00e3o de Rial foi apenas uma explica\u00e7\u00e3o gen\u00e9rica, que n\u00e3o se referia especificamente ao banco.<\/p>\n<p>Os dirigentes lembraram que, al\u00e9m da declara\u00e7\u00e3o de Rial, funcion\u00e1rios receberam um\u00a0<a href=\"https:\/\/spbancarios.com.br\/06\/2020\/rial-quer-reduzir-salario-dos-bancarios\" target=\"_blank\" rel=\"noopener noreferrer\">question\u00e1rio<\/a>\u00a0para apurar informa\u00e7\u00f5es e impress\u00f5es pessoais sobre o home office.<\/p>\n<p>Mais uma vez a representa\u00e7\u00e3o do banco desconversou e tirou a responsabilidade da institui\u00e7\u00e3o sobre a pesquisa, dizendo tratar-se de iniciativa individual de um gestor da \u00e1rea de TI.<\/p>\n<p>\u201cE, assim, fica o dito pelo n\u00e3o dito. Um v\u00eddeo com a declara\u00e7\u00e3o do CEO do banco n\u00e3o merece considera\u00e7\u00e3o. Uma campanha de cobran\u00e7a abusiva de metas, que descumpre nossa Conven\u00e7\u00e3o Coletiva de Trabalho sobre a proibi\u00e7\u00e3o de ranking pessoal de funcion\u00e1rios e sobre o estabelecimento de metas abusivas, tamb\u00e9m n\u00e3o deve ser levada em conta. E, por fim, uma pesquisa sobre home office deve ser desconsiderada. O que mesmo que o Santander diz que podemos acreditar?\u201d, ironizou Mario Raia.<\/p>\n<p>Ao final da reuni\u00e3o, ficou agendado, para a tarde de sexta-feira (3), um novo encontro entre a representa\u00e7\u00e3o dos trabalhadores e o banco para a continuidade das conversa\u00e7\u00f5es e o Santander apresentar detalhes sobre o programa Motor de Vendas; sobre a mudan\u00e7a de fun\u00e7\u00e3o do GA e do GR; e tamb\u00e9m deve apresentar uma proposta de banco de horas negativo.<\/p>\n<p><strong>Fonte: Contraf-CUT<\/strong><\/p>\n","protected":false},"excerpt":{"rendered":"<p>Em reuni\u00e3o por videoconfer\u00eancia entre a Comiss\u00e3o de Organiza\u00e7\u00e3o dos Empregados (COE) e o Santander, ocorrida na quarta-feira (1\u00ba), o banco n\u00e3o aceitou qualquer tipo de negocia\u00e7\u00e3o para cessar as demiss\u00f5es e a pol\u00edtica abusiva de cobran\u00e7a de metas e, pior do que isso, tratou as demiss\u00f5es neste momento de pandeia como ajustes naturais para [&hellip;]<\/p>\n","protected":false},"author":2,"featured_media":9180,"comment_status":"","ping_status":"","sticky":false,"template":"","format":"standard","meta":{"footnotes":""},"categories":[3],"tags":[],"class_list":["post-9181","post","type-post","status-publish","format-standard","has-post-thumbnail","hentry","category-noticias"],"_links":{"self":[{"href":"https:\/\/hostnetart.com.br\/baixada\/wp-json\/wp\/v2\/posts\/9181","targetHints":{"allow":["GET"]}}],"collection":[{"href":"https:\/\/hostnetart.com.br\/baixada\/wp-json\/wp\/v2\/posts"}],"about":[{"href":"https:\/\/hostnetart.com.br\/baixada\/wp-json\/wp\/v2\/types\/post"}],"author":[{"embeddable":true,"href":"https:\/\/hostnetart.com.br\/baixada\/wp-json\/wp\/v2\/users\/2"}],"replies":[{"embeddable":true,"href":"https:\/\/hostnetart.com.br\/baixada\/wp-json\/wp\/v2\/comments?post=9181"}],"version-history":[{"count":0,"href":"https:\/\/hostnetart.com.br\/baixada\/wp-json\/wp\/v2\/posts\/9181\/revisions"}],"wp:featuredmedia":[{"embeddable":true,"href":"https:\/\/hostnetart.com.br\/baixada\/wp-json\/wp\/v2\/media\/9180"}],"wp:attachment":[{"href":"https:\/\/hostnetart.com.br\/baixada\/wp-json\/wp\/v2\/media?parent=9181"}],"wp:term":[{"taxonomy":"category","embeddable":true,"href":"https:\/\/hostnetart.com.br\/baixada\/wp-json\/wp\/v2\/categories?post=9181"},{"taxonomy":"post_tag","embeddable":true,"href":"https:\/\/hostnetart.com.br\/baixada\/wp-json\/wp\/v2\/tags?post=9181"}],"curies":[{"name":"wp","href":"https:\/\/api.w.org\/{rel}","templated":true}]}}