{"id":9179,"date":"2020-07-02T14:01:17","date_gmt":"2020-07-02T17:01:17","guid":{"rendered":"https:\/\/hostnetart.com.br\/baixada\/hoje-e-o-ultimo-dia-para-se-cadastrar-no-auxilio-emergencial\/"},"modified":"2020-07-02T14:01:17","modified_gmt":"2020-07-02T17:01:17","slug":"hoje-e-o-ultimo-dia-para-se-cadastrar-no-auxilio-emergencial","status":"publish","type":"post","link":"https:\/\/hostnetart.com.br\/baixada\/hoje-e-o-ultimo-dia-para-se-cadastrar-no-auxilio-emergencial\/","title":{"rendered":"Hoje \u00e9 o \u00faltimo dia para se cadastrar no aux\u00edlio emergencial"},"content":{"rendered":"<p>O prazo para se cadastrar e receber o\u00a0<strong>aux\u00edlio emergencial<\/strong>\u00a0de R$ 600 termina nesta quinta-feira (2), \u00e0s 23h59, informou a Caixa Econ\u00f4mica Federal. O aux\u00edlio \u00e9 um benef\u00edcio financeiro destinado a trabalhadores informais, microempreendedores individuais (MEI), aut\u00f4nomos, desempregados e pessoas de baixa renda. Tem por objetivo fornecer prote\u00e7\u00e3o emergencial no enfrentamento da pandemia de covid-19.<\/p>\n<p>\u201cHoje termina o prazo para cadastro no aux\u00edlio emergencial. Mais de 10 milh\u00f5es de brasileiros ainda esperam resposta! O \u201cem an\u00e1lise\u201d virou a cara do descaso com os mais pobres\u201d, afirmou o coordenador do MST, Guilherme Boulos, nas redes sociais na manh\u00e3 desta quinta.<\/p>\n<div id=\"redeb-1511139197\" class=\"redeb-conteudo\">\u00a0Inicialmente proposto para vigorar por tr\u00eas meses, com o pagamento de tr\u00eas parcelas de R$ 600, o benef\u00edcio foi prorrogado por mais dois meses, com o pagamento de mais duas parcelas. Pelas regras, at\u00e9 duas pessoas da mesma fam\u00edlia podem receber o aux\u00edlio. Para as fam\u00edlias em que a mulher seja a \u00fanica respons\u00e1vel pelas despesas da casa, o valor pago mensalmente \u00e9 de R$ 1.200.<\/div>\n<p>Reportagem do jornal\u00a0<em>O Globo<\/em>\u00a0desta quinta-feira informa que o consumidor tem usado a emiss\u00e3o de boletos no pr\u00f3prio nome para transformar o cr\u00e9dito do aux\u00edlio emergencial em dinheiro.\u00a0<\/p>\n<p>O cr\u00e9dito pode ser usado para o pagamento de boletos, assim que \u00e9 liberado, mas o saque em dinheiro chega a demorar tr\u00eas meses, segundo o jornal. Para obter o boleto, o consumidor compra o servi\u00e7o em institui\u00e7\u00f5es financeiras como NuBank, Mercado Pago e PagSeguro.<\/p>\n<p><a href=\"https:\/\/auxilio.caixa.gov.br\/#\/destinacao\">Clique aqui para fazer o cadastro no aux\u00edlio emergencial.<\/a><\/p>\n<p><em>Com informa\u00e7\u00f5es da Ag\u00eancia Brasil.<\/em><\/p>\n","protected":false},"excerpt":{"rendered":"<p>O prazo para se cadastrar e receber o\u00a0aux\u00edlio emergencial\u00a0de R$ 600 termina nesta quinta-feira (2), \u00e0s 23h59, informou a Caixa Econ\u00f4mica Federal. O aux\u00edlio \u00e9 um benef\u00edcio financeiro destinado a trabalhadores informais, microempreendedores individuais (MEI), aut\u00f4nomos, desempregados e pessoas de baixa renda. Tem por objetivo fornecer prote\u00e7\u00e3o emergencial no enfrentamento da pandemia de covid-19. \u201cHoje [&hellip;]<\/p>\n","protected":false},"author":2,"featured_media":9178,"comment_status":"","ping_status":"","sticky":false,"template":"","format":"standard","meta":{"footnotes":""},"categories":[3],"tags":[],"class_list":["post-9179","post","type-post","status-publish","format-standard","has-post-thumbnail","hentry","category-noticias"],"_links":{"self":[{"href":"https:\/\/hostnetart.com.br\/baixada\/wp-json\/wp\/v2\/posts\/9179","targetHints":{"allow":["GET"]}}],"collection":[{"href":"https:\/\/hostnetart.com.br\/baixada\/wp-json\/wp\/v2\/posts"}],"about":[{"href":"https:\/\/hostnetart.com.br\/baixada\/wp-json\/wp\/v2\/types\/post"}],"author":[{"embeddable":true,"href":"https:\/\/hostnetart.com.br\/baixada\/wp-json\/wp\/v2\/users\/2"}],"replies":[{"embeddable":true,"href":"https:\/\/hostnetart.com.br\/baixada\/wp-json\/wp\/v2\/comments?post=9179"}],"version-history":[{"count":0,"href":"https:\/\/hostnetart.com.br\/baixada\/wp-json\/wp\/v2\/posts\/9179\/revisions"}],"wp:featuredmedia":[{"embeddable":true,"href":"https:\/\/hostnetart.com.br\/baixada\/wp-json\/wp\/v2\/media\/9178"}],"wp:attachment":[{"href":"https:\/\/hostnetart.com.br\/baixada\/wp-json\/wp\/v2\/media?parent=9179"}],"wp:term":[{"taxonomy":"category","embeddable":true,"href":"https:\/\/hostnetart.com.br\/baixada\/wp-json\/wp\/v2\/categories?post=9179"},{"taxonomy":"post_tag","embeddable":true,"href":"https:\/\/hostnetart.com.br\/baixada\/wp-json\/wp\/v2\/tags?post=9179"}],"curies":[{"name":"wp","href":"https:\/\/api.w.org\/{rel}","templated":true}]}}