{"id":9177,"date":"2020-07-02T14:00:26","date_gmt":"2020-07-02T17:00:26","guid":{"rendered":"https:\/\/hostnetart.com.br\/baixada\/bradesco-garante-que-esta-cumprindo-clausula-29-da-cct\/"},"modified":"2020-07-02T14:00:26","modified_gmt":"2020-07-02T17:00:26","slug":"bradesco-garante-que-esta-cumprindo-clausula-29-da-cct","status":"publish","type":"post","link":"https:\/\/hostnetart.com.br\/baixada\/bradesco-garante-que-esta-cumprindo-clausula-29-da-cct\/","title":{"rendered":"Bradesco garante que est\u00e1 cumprindo cl\u00e1usula 29 da CCT"},"content":{"rendered":"<p>Depois da negocia\u00e7\u00e3o entre o Comando Nacional dos Banc\u00e1rios e a Federa\u00e7\u00e3o Nacional dos Bancos (Fenaban), na ter\u00e7a-feira (30), o Bradesco garantiu na tarde desta quarta-feira (1) \u00e0 Comiss\u00e3o de Organiza\u00e7\u00e3o dos Empregados (COE) que est\u00e1 cumprindo a cl\u00e1usula 29 da Conven\u00e7\u00e3o Coletiva de Trabalho (CCT) da categoria.<\/p>\n<p>\u201cO banco garantiu que est\u00e1 cumprindo a complementa\u00e7\u00e3o do sal\u00e1rio de quem j\u00e1 tem a concess\u00e3o do benef\u00edcio e o adiantamento do sal\u00e1rio para quem ainda aguarda a per\u00edcia\u201d, explicou Magaly Fagundes, coordenadora da COE Bradesco.<\/p>\n<p><strong>Fonte: Contraf-CUT<\/strong><\/p>\n","protected":false},"excerpt":{"rendered":"<p>Depois da negocia\u00e7\u00e3o entre o Comando Nacional dos Banc\u00e1rios e a Federa\u00e7\u00e3o Nacional dos Bancos (Fenaban), na ter\u00e7a-feira (30), o Bradesco garantiu na tarde desta quarta-feira (1) \u00e0 Comiss\u00e3o de Organiza\u00e7\u00e3o dos Empregados (COE) que est\u00e1 cumprindo a cl\u00e1usula 29 da Conven\u00e7\u00e3o Coletiva de Trabalho (CCT) da categoria. \u201cO banco garantiu que est\u00e1 cumprindo a [&hellip;]<\/p>\n","protected":false},"author":2,"featured_media":9176,"comment_status":"","ping_status":"","sticky":false,"template":"","format":"standard","meta":{"footnotes":""},"categories":[3],"tags":[],"class_list":["post-9177","post","type-post","status-publish","format-standard","has-post-thumbnail","hentry","category-noticias"],"_links":{"self":[{"href":"https:\/\/hostnetart.com.br\/baixada\/wp-json\/wp\/v2\/posts\/9177","targetHints":{"allow":["GET"]}}],"collection":[{"href":"https:\/\/hostnetart.com.br\/baixada\/wp-json\/wp\/v2\/posts"}],"about":[{"href":"https:\/\/hostnetart.com.br\/baixada\/wp-json\/wp\/v2\/types\/post"}],"author":[{"embeddable":true,"href":"https:\/\/hostnetart.com.br\/baixada\/wp-json\/wp\/v2\/users\/2"}],"replies":[{"embeddable":true,"href":"https:\/\/hostnetart.com.br\/baixada\/wp-json\/wp\/v2\/comments?post=9177"}],"version-history":[{"count":0,"href":"https:\/\/hostnetart.com.br\/baixada\/wp-json\/wp\/v2\/posts\/9177\/revisions"}],"wp:featuredmedia":[{"embeddable":true,"href":"https:\/\/hostnetart.com.br\/baixada\/wp-json\/wp\/v2\/media\/9176"}],"wp:attachment":[{"href":"https:\/\/hostnetart.com.br\/baixada\/wp-json\/wp\/v2\/media?parent=9177"}],"wp:term":[{"taxonomy":"category","embeddable":true,"href":"https:\/\/hostnetart.com.br\/baixada\/wp-json\/wp\/v2\/categories?post=9177"},{"taxonomy":"post_tag","embeddable":true,"href":"https:\/\/hostnetart.com.br\/baixada\/wp-json\/wp\/v2\/tags?post=9177"}],"curies":[{"name":"wp","href":"https:\/\/api.w.org\/{rel}","templated":true}]}}