{"id":9175,"date":"2020-07-02T13:59:32","date_gmt":"2020-07-02T16:59:32","guid":{"rendered":"https:\/\/hostnetart.com.br\/baixada\/perguntas-e-respostas-esclarecem-duvidas-sobre-acordo-com-o-bb\/"},"modified":"2020-07-02T13:59:32","modified_gmt":"2020-07-02T16:59:32","slug":"perguntas-e-respostas-esclarecem-duvidas-sobre-acordo-com-o-bb","status":"publish","type":"post","link":"https:\/\/hostnetart.com.br\/baixada\/perguntas-e-respostas-esclarecem-duvidas-sobre-acordo-com-o-bb\/","title":{"rendered":"\u201cPerguntas e respostas\u201d esclarecem d\u00favidas sobre acordo com o BB"},"content":{"rendered":"<p>Para ajudar a esclarecer as d\u00favidas dos funcion\u00e1rios do Banco do Brasil sobre o\u00a0<a href=\"https:\/\/contrafcut.com.br\/noticias\/contraf-cut-orienta-trabalhadores-do-banco-do-brasil-a-aprovarem-proposta\/\">Acordo Coletivo de Trabalho Emergencial (Pandemia Covid-19)<\/a>\u00a0e evitar poss\u00edveis distor\u00e7\u00f5es de informa\u00e7\u00f5es que possam circular pelas redes sociais em decorr\u00eancia da falta de esclarecimentos, a Confedera\u00e7\u00e3o Nacional dos Trabalhadores do Ramo Financeiro (Contraf-CUT) produziu um material com as principais \u201cperguntas e respostas\u201d dos funcion\u00e1rios.<\/p>\n<p>Outras perguntas e respostas ser\u00e3o adicionadas ao texto na medida em que chegarem aos representantes dos funcion\u00e1rios e nos forem repassadas.<\/p>\n<p><strong>Por quanto tempo \u00e9 v\u00e1lido o acordo?<\/strong><br \/>O acordo \u00e9 v\u00e1lido por dois anos, mas suas cl\u00e1usulas perdem a validade assim que se encerrar o Estado de Calamidade em decorr\u00eancia da pandemia de Covid-19, exceto ao que se refere \u00e0 compensa\u00e7\u00e3o do banco de horas negativo, que podem ser compensadas por 18 meses a contar a partir do dia em que foram realizadas.<\/p>\n<p><strong>O banco poder\u00e1 adiantar as f\u00e9rias compulsoriamente por dois anos?<br \/><\/strong>N\u00e3o. O acordo \u00e9 valido somente para o per\u00edodo de pandemia. Acabando esse per\u00edodo (esperamos que logo!) e a vig\u00eancia da MP 927 as quest\u00f5es acordadas n\u00e3o ser\u00e3o mais v\u00e1lidas e as f\u00e9rias em aquisi\u00e7\u00e3o n\u00e3o ser\u00e3o mais antecipadas.<\/p>\n<p><strong>N\u00e3o est\u00e1 escrito na minuta a garantia contra descomissionamento, nem a qual tipo de descomissionamento se refere.<br \/><\/strong>Faz parte de compromissos firmados em mesa de negocia\u00e7\u00e3o e, inclusive, amplamente divulgado pelo pr\u00f3prio banco, que hoje mesmo est\u00e1 enviando e-mails para os funcion\u00e1rios. Outros acordos j\u00e1 foram realizados desta maneira. Mesmo n\u00e3o clausulado, quando o banco publiciza seu conte\u00fado o compromisso \u00e9 v\u00e1lido e garante o n\u00e3o descomissionamento por desempenho durante a pandemia.<\/p>\n<p><strong>O acordo tira o direito do trabalhador vender 30% das f\u00e9rias. Mesmo para quem est\u00e1 em home?<br \/><\/strong>N\u00e3o. O acordo traz melhorias em rela\u00e7\u00e3o \u00e0s medidas provis\u00f3rias em vigor quanto \u00e0 antecipa\u00e7\u00e3o de f\u00e9rias. O acordo \u00e9 muito importante para os empregados que pertencem ao grupo de risco e n\u00e3o conseguem fazer homeoffice, principalmente. Nesses casos \u00e9 que a antecipa\u00e7\u00e3o de f\u00e9rias ocorre normalmente e a\u00ed fica dif\u00edcil eventualmente negociar venda de parcela de f\u00e9rias, por\u00e9m quem est\u00e1 trabalhando em home office e sequer teve as f\u00e9rias antecipadas a possibilidade de vender parte das f\u00e9rias persiste.<\/p>\n<p><strong>Qual o grupo de risco considerado neste acordo?<\/strong><br \/>O grupo de risco est\u00e1 consolidado, definido e \u00e9 atualizado conforme o hotsite Coronav\u00edrus, levando em conta as delibera\u00e7\u00f5es aprovadas na Mesa de Negocia\u00e7\u00e3o Nacional Permanente Covid-19.<\/p>\n<p><em><span style=\"text-decoration: underline;\"><strong>Fonte: Contraf-CUT<\/strong><\/span><\/em><\/p>\n","protected":false},"excerpt":{"rendered":"<p>Para ajudar a esclarecer as d\u00favidas dos funcion\u00e1rios do Banco do Brasil sobre o\u00a0Acordo Coletivo de Trabalho Emergencial (Pandemia Covid-19)\u00a0e evitar poss\u00edveis distor\u00e7\u00f5es de informa\u00e7\u00f5es que possam circular pelas redes sociais em decorr\u00eancia da falta de esclarecimentos, a Confedera\u00e7\u00e3o Nacional dos Trabalhadores do Ramo Financeiro (Contraf-CUT) produziu um material com as principais \u201cperguntas e respostas\u201d [&hellip;]<\/p>\n","protected":false},"author":2,"featured_media":9174,"comment_status":"","ping_status":"","sticky":false,"template":"","format":"standard","meta":{"footnotes":""},"categories":[3],"tags":[],"class_list":["post-9175","post","type-post","status-publish","format-standard","has-post-thumbnail","hentry","category-noticias"],"_links":{"self":[{"href":"https:\/\/hostnetart.com.br\/baixada\/wp-json\/wp\/v2\/posts\/9175","targetHints":{"allow":["GET"]}}],"collection":[{"href":"https:\/\/hostnetart.com.br\/baixada\/wp-json\/wp\/v2\/posts"}],"about":[{"href":"https:\/\/hostnetart.com.br\/baixada\/wp-json\/wp\/v2\/types\/post"}],"author":[{"embeddable":true,"href":"https:\/\/hostnetart.com.br\/baixada\/wp-json\/wp\/v2\/users\/2"}],"replies":[{"embeddable":true,"href":"https:\/\/hostnetart.com.br\/baixada\/wp-json\/wp\/v2\/comments?post=9175"}],"version-history":[{"count":0,"href":"https:\/\/hostnetart.com.br\/baixada\/wp-json\/wp\/v2\/posts\/9175\/revisions"}],"wp:featuredmedia":[{"embeddable":true,"href":"https:\/\/hostnetart.com.br\/baixada\/wp-json\/wp\/v2\/media\/9174"}],"wp:attachment":[{"href":"https:\/\/hostnetart.com.br\/baixada\/wp-json\/wp\/v2\/media?parent=9175"}],"wp:term":[{"taxonomy":"category","embeddable":true,"href":"https:\/\/hostnetart.com.br\/baixada\/wp-json\/wp\/v2\/categories?post=9175"},{"taxonomy":"post_tag","embeddable":true,"href":"https:\/\/hostnetart.com.br\/baixada\/wp-json\/wp\/v2\/tags?post=9175"}],"curies":[{"name":"wp","href":"https:\/\/api.w.org\/{rel}","templated":true}]}}