{"id":9173,"date":"2020-07-01T20:30:14","date_gmt":"2020-07-01T23:30:14","guid":{"rendered":"https:\/\/hostnetart.com.br\/baixada\/depois-de-cobrancas-caixa-anuncia-a-prorrogacao-do-projeto-remoto-ate-17-de-julho\/"},"modified":"2020-07-01T20:30:14","modified_gmt":"2020-07-01T23:30:14","slug":"depois-de-cobrancas-caixa-anuncia-a-prorrogacao-do-projeto-remoto-ate-17-de-julho","status":"publish","type":"post","link":"https:\/\/hostnetart.com.br\/baixada\/depois-de-cobrancas-caixa-anuncia-a-prorrogacao-do-projeto-remoto-ate-17-de-julho\/","title":{"rendered":"Depois de cobran\u00e7as, Caixa anuncia a prorroga\u00e7\u00e3o do Projeto Remoto at\u00e9 17 de julho"},"content":{"rendered":"<p><a href=\"https:\/\/contrafcut.com.br\/noticias\/mesmo-com-cobranca-dos-empregados-caixa-nao-se-pronuncia-sobre-prorrogacao-do-projeto-remoto\/\" target=\"_blank\" rel=\"noopener noreferrer\">Depois de sequentes cobran\u00e7as do movimento sindical<\/a>, a Caixa anunciou, somente na tarde desta quarta-feira (1), a prorroga\u00e7\u00e3o do Projeto Remoto at\u00e9 o dia 17 de julho. De acordo com o comunicado, enviado por e-mail aos empregados, todos os contratos vigentes ser\u00e3o prorrogados\u00a0automaticamente, cabendo aos Gestores checarem, solicitando ou executando corre\u00e7\u00f5es, se necess\u00e1rio.<\/p>\n<p>\u201c\u00c9 um absurdo esta atitude da Caixa de deixar para a \u00faltima hora o an\u00fancio. Os empregados ficam apreensivos e inseguros\u201d, criticou Fabiana Uehara Proscholdt, secret\u00e1ria da Cultura e representante da Confedera\u00e7\u00e3o Nacional dos Trabalhadores do Ramo Financeiro (Contraf-CUT) nas negocia\u00e7\u00f5es com a Caixa. \u201cChega de desrespeito com os empregados, queremos a prorroga\u00e7\u00e3o aconte\u00e7a at\u00e9 o final da pandemia.\u201d<\/p>\n<p><strong>Fonte: Contraf-CUT<\/strong><\/p>\n","protected":false},"excerpt":{"rendered":"<p>Depois de sequentes cobran\u00e7as do movimento sindical, a Caixa anunciou, somente na tarde desta quarta-feira (1), a prorroga\u00e7\u00e3o do Projeto Remoto at\u00e9 o dia 17 de julho. De acordo com o comunicado, enviado por e-mail aos empregados, todos os contratos vigentes ser\u00e3o prorrogados\u00a0automaticamente, cabendo aos Gestores checarem, solicitando ou executando corre\u00e7\u00f5es, se necess\u00e1rio. \u201c\u00c9 um [&hellip;]<\/p>\n","protected":false},"author":2,"featured_media":9172,"comment_status":"","ping_status":"","sticky":false,"template":"","format":"standard","meta":{"footnotes":""},"categories":[3],"tags":[],"class_list":["post-9173","post","type-post","status-publish","format-standard","has-post-thumbnail","hentry","category-noticias"],"_links":{"self":[{"href":"https:\/\/hostnetart.com.br\/baixada\/wp-json\/wp\/v2\/posts\/9173","targetHints":{"allow":["GET"]}}],"collection":[{"href":"https:\/\/hostnetart.com.br\/baixada\/wp-json\/wp\/v2\/posts"}],"about":[{"href":"https:\/\/hostnetart.com.br\/baixada\/wp-json\/wp\/v2\/types\/post"}],"author":[{"embeddable":true,"href":"https:\/\/hostnetart.com.br\/baixada\/wp-json\/wp\/v2\/users\/2"}],"replies":[{"embeddable":true,"href":"https:\/\/hostnetart.com.br\/baixada\/wp-json\/wp\/v2\/comments?post=9173"}],"version-history":[{"count":0,"href":"https:\/\/hostnetart.com.br\/baixada\/wp-json\/wp\/v2\/posts\/9173\/revisions"}],"wp:featuredmedia":[{"embeddable":true,"href":"https:\/\/hostnetart.com.br\/baixada\/wp-json\/wp\/v2\/media\/9172"}],"wp:attachment":[{"href":"https:\/\/hostnetart.com.br\/baixada\/wp-json\/wp\/v2\/media?parent=9173"}],"wp:term":[{"taxonomy":"category","embeddable":true,"href":"https:\/\/hostnetart.com.br\/baixada\/wp-json\/wp\/v2\/categories?post=9173"},{"taxonomy":"post_tag","embeddable":true,"href":"https:\/\/hostnetart.com.br\/baixada\/wp-json\/wp\/v2\/tags?post=9173"}],"curies":[{"name":"wp","href":"https:\/\/api.w.org\/{rel}","templated":true}]}}