{"id":9171,"date":"2020-07-01T19:05:55","date_gmt":"2020-07-01T22:05:55","guid":{"rendered":"https:\/\/hostnetart.com.br\/baixada\/fundacao-itau-unibanco-troca-de-perfil-em-plano-de-previdencia\/"},"modified":"2020-07-01T19:05:55","modified_gmt":"2020-07-01T22:05:55","slug":"fundacao-itau-unibanco-troca-de-perfil-em-plano-de-previdencia","status":"publish","type":"post","link":"https:\/\/hostnetart.com.br\/baixada\/fundacao-itau-unibanco-troca-de-perfil-em-plano-de-previdencia\/","title":{"rendered":"Funda\u00e7\u00e3o Ita\u00fa Unibanco troca de perfil em plano de previd\u00eancia"},"content":{"rendered":"<p>A\u00a0<a href=\"http:\/\/fundacaoitauunibanco.com.br\/\" target=\"_blank\" rel=\"noopener noreferrer\">Funda\u00e7\u00e3o Ita\u00fa Unibanco<\/a>\u00a0abriu prazo para troca de perfil em plano de previd\u00eancia complementar. A troca de perfil, aberta no dia 22 de junho, com encerramento no dia 21 de julho, n\u00e3o \u00e9 obrigat\u00f3ria. Os planos que permitem essa altera\u00e7\u00e3o s\u00e3o: Itaubanco CD, Futuro Inteligente, itaubank e Previd\u00eancia Redecard CD.<\/p>\n<p>\u00c9rica Godoy, que integra o Conselho Deliberativo da Funda\u00e7\u00e3o Ita\u00fa Unibanco, lembra que os planos com aplica\u00e7\u00f5es de risco \u201ccomo os dos perfis moderado e arrojado passaram por rendimentos negativos expressivos, come\u00e7aram a recuperar em abril e maio, mas ainda est\u00e3o no \u2018negativo\u2019\u201d, depois da queda brutal da Bolsa de Valores em decorr\u00eancia da pandemia.<\/p>\n<p>\u00c9rica destaca ainda que o importante \u00e9 o banc\u00e1rio participante do Fundo de Previd\u00eancia saber que se ele \u201cmudar\u201d de perfil, poder\u00e1 estar realizando um \u201cpreju\u00edzo\u201d financeiro, tecnicamente \u201crealizando perdas\u201d. A decis\u00e3o \u00e9 individual.<\/p>\n<p>Em caso de d\u00favidas, procure os conselheiros da Funda\u00e7\u00e3o pelos e-mails: Erica Godoy\u00a0<a href=\"mailto:egodoy@spbancarios.com.br\">egodoy@spbancarios.com.br<\/a>\u00a0ou Mauri S\u00e9rgio\u00a0<a href=\"mailto:Advmaurisergio@outlook.com\">Advmaurisergio@outlook.com<\/a>.<\/p>\n<p><strong>Fonte: Contraf-CUT<\/strong><\/p>\n","protected":false},"excerpt":{"rendered":"<p>A\u00a0Funda\u00e7\u00e3o Ita\u00fa Unibanco\u00a0abriu prazo para troca de perfil em plano de previd\u00eancia complementar. A troca de perfil, aberta no dia 22 de junho, com encerramento no dia 21 de julho, n\u00e3o \u00e9 obrigat\u00f3ria. Os planos que permitem essa altera\u00e7\u00e3o s\u00e3o: Itaubanco CD, Futuro Inteligente, itaubank e Previd\u00eancia Redecard CD. \u00c9rica Godoy, que integra o Conselho [&hellip;]<\/p>\n","protected":false},"author":2,"featured_media":9170,"comment_status":"","ping_status":"","sticky":false,"template":"","format":"standard","meta":{"footnotes":""},"categories":[3],"tags":[],"class_list":["post-9171","post","type-post","status-publish","format-standard","has-post-thumbnail","hentry","category-noticias"],"_links":{"self":[{"href":"https:\/\/hostnetart.com.br\/baixada\/wp-json\/wp\/v2\/posts\/9171","targetHints":{"allow":["GET"]}}],"collection":[{"href":"https:\/\/hostnetart.com.br\/baixada\/wp-json\/wp\/v2\/posts"}],"about":[{"href":"https:\/\/hostnetart.com.br\/baixada\/wp-json\/wp\/v2\/types\/post"}],"author":[{"embeddable":true,"href":"https:\/\/hostnetart.com.br\/baixada\/wp-json\/wp\/v2\/users\/2"}],"replies":[{"embeddable":true,"href":"https:\/\/hostnetart.com.br\/baixada\/wp-json\/wp\/v2\/comments?post=9171"}],"version-history":[{"count":0,"href":"https:\/\/hostnetart.com.br\/baixada\/wp-json\/wp\/v2\/posts\/9171\/revisions"}],"wp:featuredmedia":[{"embeddable":true,"href":"https:\/\/hostnetart.com.br\/baixada\/wp-json\/wp\/v2\/media\/9170"}],"wp:attachment":[{"href":"https:\/\/hostnetart.com.br\/baixada\/wp-json\/wp\/v2\/media?parent=9171"}],"wp:term":[{"taxonomy":"category","embeddable":true,"href":"https:\/\/hostnetart.com.br\/baixada\/wp-json\/wp\/v2\/categories?post=9171"},{"taxonomy":"post_tag","embeddable":true,"href":"https:\/\/hostnetart.com.br\/baixada\/wp-json\/wp\/v2\/tags?post=9171"}],"curies":[{"name":"wp","href":"https:\/\/api.w.org\/{rel}","templated":true}]}}