{"id":917,"date":"2015-06-23T13:58:00","date_gmt":"2015-06-23T16:58:00","guid":{"rendered":"https:\/\/hostnetart.com.br\/baixada\/bancarios-todos-a-conferencia-interestadual-em-julho\/"},"modified":"2015-06-23T13:58:00","modified_gmt":"2015-06-23T16:58:00","slug":"bancarios-todos-a-conferencia-interestadual-em-julho","status":"publish","type":"post","link":"https:\/\/hostnetart.com.br\/baixada\/bancarios-todos-a-conferencia-interestadual-em-julho\/","title":{"rendered":"Banc\u00e1rios, todos \u00e0 Confer\u00eancia Interestadual em julho!"},"content":{"rendered":"<p>No pr\u00f3ximo dia 4 de julho, s\u00e1bado, a Federa\u00e7\u00e3o dos Trabalhadores\/as do Ramo Financeiro dos Estados do Rio de Janeiro e Esp\u00edrito Santo ir\u00e1 realizar, na cidade de Maca\u00e9, em local a ser confirmado, a 17\u00aa Confer\u00eancia Interestadual dos\/as Trabalhadores\/as do Ramo Financeiro do RJ e ES. \u00a0<\/p>\n<p>A Confer\u00eancia \u00e9 aberta \u00e0 participa\u00e7\u00e3o de todos\/as os\/as banc\u00e1rios\/as dos munic\u00edpios que comp\u00f5em as bases dos sindicatos\u00a0 filiados \u00e0 Federa\u00e7\u00e3o. Em breve o Sindicato ir\u00e1 divulgar o local espec\u00edfico para que todos participem! Vamos nessa!<\/p>\n","protected":false},"excerpt":{"rendered":"<p>No pr\u00f3ximo dia 4 de julho, s\u00e1bado, a Federa\u00e7\u00e3o dos Trabalhadores\/as do Ramo Financeiro dos Estados do Rio de Janeiro e Esp\u00edrito Santo ir\u00e1 realizar, na cidade de Maca\u00e9, em local a ser confirmado, a 17\u00aa Confer\u00eancia Interestadual dos\/as Trabalhadores\/as do Ramo Financeiro do RJ e ES. \u00a0 A Confer\u00eancia \u00e9 aberta \u00e0 participa\u00e7\u00e3o de [&hellip;]<\/p>\n","protected":false},"author":1,"featured_media":916,"comment_status":"","ping_status":"","sticky":false,"template":"","format":"standard","meta":{"footnotes":""},"categories":[3],"tags":[],"class_list":["post-917","post","type-post","status-publish","format-standard","has-post-thumbnail","hentry","category-noticias"],"_links":{"self":[{"href":"https:\/\/hostnetart.com.br\/baixada\/wp-json\/wp\/v2\/posts\/917","targetHints":{"allow":["GET"]}}],"collection":[{"href":"https:\/\/hostnetart.com.br\/baixada\/wp-json\/wp\/v2\/posts"}],"about":[{"href":"https:\/\/hostnetart.com.br\/baixada\/wp-json\/wp\/v2\/types\/post"}],"author":[{"embeddable":true,"href":"https:\/\/hostnetart.com.br\/baixada\/wp-json\/wp\/v2\/users\/1"}],"replies":[{"embeddable":true,"href":"https:\/\/hostnetart.com.br\/baixada\/wp-json\/wp\/v2\/comments?post=917"}],"version-history":[{"count":0,"href":"https:\/\/hostnetart.com.br\/baixada\/wp-json\/wp\/v2\/posts\/917\/revisions"}],"wp:featuredmedia":[{"embeddable":true,"href":"https:\/\/hostnetart.com.br\/baixada\/wp-json\/wp\/v2\/media\/916"}],"wp:attachment":[{"href":"https:\/\/hostnetart.com.br\/baixada\/wp-json\/wp\/v2\/media?parent=917"}],"wp:term":[{"taxonomy":"category","embeddable":true,"href":"https:\/\/hostnetart.com.br\/baixada\/wp-json\/wp\/v2\/categories?post=917"},{"taxonomy":"post_tag","embeddable":true,"href":"https:\/\/hostnetart.com.br\/baixada\/wp-json\/wp\/v2\/tags?post=917"}],"curies":[{"name":"wp","href":"https:\/\/api.w.org\/{rel}","templated":true}]}}