{"id":9169,"date":"2020-07-01T19:04:31","date_gmt":"2020-07-01T22:04:31","guid":{"rendered":"https:\/\/hostnetart.com.br\/baixada\/contraf-cut-enaltece-luta-das-mulheres-negras\/"},"modified":"2020-07-01T19:04:31","modified_gmt":"2020-07-01T22:04:31","slug":"contraf-cut-enaltece-luta-das-mulheres-negras","status":"publish","type":"post","link":"https:\/\/hostnetart.com.br\/baixada\/contraf-cut-enaltece-luta-das-mulheres-negras\/","title":{"rendered":"Contraf-CUT enaltece luta das mulheres negras"},"content":{"rendered":"<p>O Dia Internacional da Mulher Negra \u00e9 comemorado em toda a Am\u00e9rica Latina e Caribe, no dia 25 de julho. No Brasil, a data faz refer\u00eancia a Tereza de Benguela, l\u00edder quilombola, s\u00edmbolo da resist\u00eancia contra a escravid\u00e3o. Para rememorar a luta de Tereza e de todas as mulheres negras latino-americanas e caribenhas por uma sociedade mais justa, igualit\u00e1ria e livre de preconceitos, a Confedera\u00e7\u00e3o Nacional dos Trabalhadores do Ramo Financeiro (Contraf-CUT) dedica o m\u00eas de julho para informar e debater o combate ao racismo nas redes sociais.<\/p>\n<p>De acordo com dados do Instituto Brasileiro de Geografia e Estat\u00edstica (IBGE), as mulheres estudam por mais anos do que os homens. Ainda assim, entre pessoas de 25 a 44 anos de idade, o percentual de mulheres brancas com ensino superior completo (23,5%) \u00e9 2,3 vezes\u00a0maior do que o de mulheres pretas ou pardas\u00a0(10,4%).<\/p>\n<p>Ao considerar cor ou ra\u00e7a, a desigualdade no atraso escolar se apresenta de forma consider\u00e1vel entre as mulheres: 30,7% das pretas ou pardas de 15 a 17 anos de idade apresentaram atraso escolar no ensino m\u00e9dio, enquanto que apenas 19,9% das mulheres brancas dessa mesma faixa et\u00e1ria estavam em situa\u00e7\u00e3o semelhante.<\/p>\n<p>As mulheres negras s\u00e3o ainda as que mais se dedicam aos cuidados de pessoas e afazeres dom\u00e9sticos, com 18,6 horas semanais. Mulheres estas que em sua grande maioria tentam conciliares estudos, carreira profissional e quest\u00f5es pessoais.<\/p>\n<p>Para a secret\u00e1ria da Mulher da Contraf-CUT, Elaine Cutis, esses dados s\u00e3o reflexos das desigualdades sociais do pa\u00eds e n\u00e3o podem ser ignorados. \u201cVivemos em pleno s\u00e9culo XXI e n\u00e3o podemos mais permitir que as mulheres negras ainda sejam inferiorizadas pelo seu g\u00eanero e cor. N\u00e3o podemos permitir que ainda tenhamos que conviver com o preconceito racial. Por isso, vamos dedicar todo o m\u00eas de julho com a\u00e7\u00f5es informativas e educativas para combater o racismo\u201d, afirmou Elaine.<br \/>Para o secret\u00e1rio de Combate ao Racismo da Contraf-CUT, Almir Aguiar, a luta contra o preconceito racial se torna ainda mais necess\u00e1ria no momento atual, no qual o pa\u00eds passa por uma pandemia e a popula\u00e7\u00e3o negra sofre com a escassez de recursos para a sa\u00fade. \u201cMesmo ap\u00f3s todos os esfor\u00e7os e ensinamentos de Tereza de Benguela, infelizmente, ainda vivemos retrocessos e falta de investimentos em pol\u00edticas p\u00fablicas para a redu\u00e7\u00e3o das desigualdades que amea\u00e7am a popula\u00e7\u00e3o negra. Essas desigualdades se destacam ainda mais durante a pandemia. Dados mostram que de cada tr\u00eas brasileiros negros hospitalizados por Covid-19, um morre. Enquanto entre brancos a propor\u00e7\u00e3o \u00e9 de uma morte a cada 4,4 interna\u00e7\u00f5es\u201d, explicou.<\/p>\n<p><strong>Fonte: Contraf-CUT<\/strong><\/p>\n","protected":false},"excerpt":{"rendered":"<p>O Dia Internacional da Mulher Negra \u00e9 comemorado em toda a Am\u00e9rica Latina e Caribe, no dia 25 de julho. No Brasil, a data faz refer\u00eancia a Tereza de Benguela, l\u00edder quilombola, s\u00edmbolo da resist\u00eancia contra a escravid\u00e3o. Para rememorar a luta de Tereza e de todas as mulheres negras latino-americanas e caribenhas por uma [&hellip;]<\/p>\n","protected":false},"author":2,"featured_media":9168,"comment_status":"","ping_status":"","sticky":false,"template":"","format":"standard","meta":{"footnotes":""},"categories":[3],"tags":[],"class_list":["post-9169","post","type-post","status-publish","format-standard","has-post-thumbnail","hentry","category-noticias"],"_links":{"self":[{"href":"https:\/\/hostnetart.com.br\/baixada\/wp-json\/wp\/v2\/posts\/9169","targetHints":{"allow":["GET"]}}],"collection":[{"href":"https:\/\/hostnetart.com.br\/baixada\/wp-json\/wp\/v2\/posts"}],"about":[{"href":"https:\/\/hostnetart.com.br\/baixada\/wp-json\/wp\/v2\/types\/post"}],"author":[{"embeddable":true,"href":"https:\/\/hostnetart.com.br\/baixada\/wp-json\/wp\/v2\/users\/2"}],"replies":[{"embeddable":true,"href":"https:\/\/hostnetart.com.br\/baixada\/wp-json\/wp\/v2\/comments?post=9169"}],"version-history":[{"count":0,"href":"https:\/\/hostnetart.com.br\/baixada\/wp-json\/wp\/v2\/posts\/9169\/revisions"}],"wp:featuredmedia":[{"embeddable":true,"href":"https:\/\/hostnetart.com.br\/baixada\/wp-json\/wp\/v2\/media\/9168"}],"wp:attachment":[{"href":"https:\/\/hostnetart.com.br\/baixada\/wp-json\/wp\/v2\/media?parent=9169"}],"wp:term":[{"taxonomy":"category","embeddable":true,"href":"https:\/\/hostnetart.com.br\/baixada\/wp-json\/wp\/v2\/categories?post=9169"},{"taxonomy":"post_tag","embeddable":true,"href":"https:\/\/hostnetart.com.br\/baixada\/wp-json\/wp\/v2\/tags?post=9169"}],"curies":[{"name":"wp","href":"https:\/\/api.w.org\/{rel}","templated":true}]}}