{"id":9167,"date":"2020-07-01T19:03:19","date_gmt":"2020-07-01T22:03:19","guid":{"rendered":"https:\/\/hostnetart.com.br\/baixada\/greve-dos-entregadores-de-aplicativo-tem-apoio-internacional\/"},"modified":"2020-07-01T19:03:19","modified_gmt":"2020-07-01T22:03:19","slug":"greve-dos-entregadores-de-aplicativo-tem-apoio-internacional","status":"publish","type":"post","link":"https:\/\/hostnetart.com.br\/baixada\/greve-dos-entregadores-de-aplicativo-tem-apoio-internacional\/","title":{"rendered":"Greve dos entregadores de aplicativo tem apoio internacional"},"content":{"rendered":"<p>A greve dos entregadores por aplicativos de alimenta\u00e7\u00e3o marcada para esta quarta-feira (1\u00ba de julho), em todo o pa\u00eds, vem recebendo apoio internacional demonstrando que a luta da categoria por melhores condi\u00e7\u00f5es de trabalho e remunera\u00e7\u00e3o \u00e9 mundial e regulamenta\u00e7\u00e3o da profiss\u00e3o \u00e9 um dos grandes desafios dos trabalhadores. \u00a0<\/p>\n<p>A categoria tem consci\u00eancia da explora\u00e7\u00e3o e do papel social e, neste mundo globalizado e com uma intera\u00e7\u00e3o maior at\u00e9 pela exig\u00eancia da profiss\u00e3o em se manter conectado, as trocas de experi\u00eancias se tornam mais r\u00e1pidas e a identifica\u00e7\u00e3o de prop\u00f3sitos tamb\u00e9m, analisa o secret\u00e1rio de Rela\u00e7\u00f5es Internacionais da CUT, Antonio Lisboa, se referindo aos apoios que os brasileiros est\u00e3o recebendo.<\/p>\n<p>\u00a0\u201c\u00c9 uma tomada de consci\u00eancia da explora\u00e7\u00e3o a que est\u00e3o submetidos, por isso a greve \u00e9 extremamente positiva e tem recebido apoio de trabalhadores e das entidades que os representam como \u00e9 o caso da\u00a0<a href=\"https:\/\/admin.cut.org.br\/system\/uploads\/ck\/APOIO%20CSA.pdf\"><strong>CSA que enviou uma carta de solidariedade<\/strong><\/a>\u00a0aos entregadores brasileiros\u201d, diz Lisboa.<\/p>\n<p>Outro\u00a0<a href=\"https:\/\/admin.cut.org.br\/system\/uploads\/ck\/comunicado%20internacional%20apoio%20greve.jpg\"><strong>comunicado de apoio \u00e0 greve dos brasileiros<\/strong><\/a>\u00a0partiu de entregadores por aplicativos da Argentina, Chile, Costa Rica, Equador , Guatemala e M\u00e9xico que refor\u00e7aram a unidade da luta em prol de melhores condi\u00e7\u00f5es de trabalho, principalmente diante da pandemia.\u00a0\u00a0<\/p>\n<p>Milhares de pessoas em todo o mundo passaram a trabalhar neste sistema criado por grandes corpora\u00e7\u00f5es internacionais que ganham milh\u00f5es de d\u00f3lares sem dar praticamente nada em troca. E foi justamente a crescente explora\u00e7\u00e3o durante a pandemia do novo coronav\u00edrus (Covid 19), per\u00edodo em que milhares de desempregados recorreram aos aplicativos para sobreviver, que uniu esses trabalhadores.<\/p>\n<p>Embora em alguns pa\u00edses como Fran\u00e7a e Inglaterra e alguns estados dos Estados Unidos, como a Calif\u00f3rnia, tenham uma regulamenta\u00e7\u00e3o da profiss\u00e3o, no mundo inteiro o trabalho dos entregadores por aplicativos \u00e9 precarizado, diz o professor do Departamento de Pr\u00e1tica Jur\u00eddica e Coordenador da Cl\u00ednica de Direito do Trabalho da Universidade Federal do Paran\u00e1 (UFPR), Sidnei Machado.<\/p>\n<p>O professor atuou no projeto da UFPR que resultou na pesquisa da\u00a0<strong><a href=\"https:\/\/www.cut.org.br\/noticias\/queda-na-renda-de-68-dos-entregadores-por-aplicativo-motiva-greve-da-categoria-bbef\">Rede de Estudos e Monitoramento da Reforma Trabalhista (Remir)<\/a>,\u00a0<\/strong>que mostrou que os entregadores por aplicativo tiveram durante a pandemia aumento da jornada de trabalho, mas o rendimento, ao contr\u00e1rio, caiu.\u00a0<\/p>\n<p>\u201cO prot\u00f3tipo de trabalho prec\u00e1rio \u00e9 modelo dessas empresas que s\u00e3o capitalistas globais. Elas acabam promovendo o entendimento do trabalhador de que ele \u00e9 aut\u00f4nomo, mas que na verdade n\u00e3o \u00e9. E como o lobby dessas empresas, tanto aqui como no exterior, \u00e9 muito poderoso, dificilmente haver\u00e1 uma regulamenta\u00e7\u00e3o da profiss\u00e3o\u201d, diz Machado.<\/p>\n<p>Embora a solu\u00e7\u00e3o para uma regulamenta\u00e7\u00e3o por Lei fosse o ideal para incluir direitos aos entregadores, o professor de Direito v\u00ea ainda como empecilho o governo de Jair Bolsonaro (ex-PSL).<\/p>\n<p>\u201cOs projetos n\u00e3o t\u00eam hoje a menor chance de tramitar no Congresso. Al\u00e9m do lobby imenso das empresas, temos um governo que est\u00e1 desregulamentando o trabalho, ao inv\u00e9s de proteger os direitos dos trabalhadores\u201d.<\/p>\n<p>No entanto, Machado, diz que a primeira greve dos entregadores por aplicativo no pa\u00eds s\u00f3 pode ser chamada de greve e n\u00e3o de paralisa\u00e7\u00e3o, e pelo fato deles tirarem uma pauta de reivindica\u00e7\u00f5es por melhores condi\u00e7\u00f5es de trabalho, torna relevante o movimento.<\/p>\n<p>\u201cA greve \u00e9 necess\u00e1ria para dar visibilidade \u00e0 demanda de uma categoria que est\u00e1 prestando um servi\u00e7o p\u00fablico essencial para dar mais efic\u00e1cia ao isolamento social diante da pandemia\u201d, diz.<\/p>\n<p>O professor de Direito do Trabalho aponta que um dos entraves \u00e0 maior organiza\u00e7\u00e3o da categoria \u00e9 a sua heterogeneidade. S\u00e3o motoboys que est\u00e3o no mercado h\u00e1 mais de 20 anos, jovens que n\u00e3o conseguem entrar no mercado de trabalho, ex- seguran\u00e7as, trabalhadores do com\u00e9rcio, entre outras profiss\u00f5es, gente da periferia e da classe m\u00e9dia que n\u00e3o tem perfil tradicional de trabalhador.<\/p>\n<p>Para Machado, essa gama de diferentes idades, profiss\u00f5es e classe social acaba tamb\u00e9m por ajudar no imagin\u00e1rio dos entregadores de que ter carteira assinada vai ter mais custos com encargos trabalhistas, embora n\u00e3o dispensem a prote\u00e7\u00e3o jur\u00eddica.<\/p>\n<p>\u201cEm geral os antigos motoboys tem um sentimento mais de categoria, mas a imensa maioria dos jovens n\u00e3o se apresenta como motoboy, n\u00e3o tem identidade com a profiss\u00e3o, pois est\u00e1 l\u00e1 enquanto n\u00e3o arruma emprego melhor\u201d, afirma Sidnei Machado.<\/p>\n<p>Al\u00e9m disso, prossegue o professor, h\u00e1 a racionalidade econ\u00f4mica liberal dos entregadores que acreditam que ter direitos vai obrig\u00e1-los a bater ponto. \u00c9 uma cultura de trabalho prec\u00e1rio.<\/p>\n<p>\u201cUma das demandas da greve \u00e9 contra o modelo de pontua\u00e7\u00e3o, que privilegia os que trabalham maior tempo e em hor\u00e1rios de menor oferta como aos domingos e madrugada. Isso \u00e9 um dado novo provocado pela pandemia. As empresas tem maior demanda de trabalho e passaram a exigir uma fideliza\u00e7\u00e3o maior deles, mais tempo logado e hor\u00e1rios in\u00f3spitos de trabalho. Eles n\u00e3o t\u00eam flexibilidade de jornada, trabalham sem descanso. Essa autonomia n\u00e3o existe\u201d, diz o professor da UFPR.<\/p>\n<p><strong>Fonte: Contraf-CUT<\/strong><\/p>\n","protected":false},"excerpt":{"rendered":"<p>A greve dos entregadores por aplicativos de alimenta\u00e7\u00e3o marcada para esta quarta-feira (1\u00ba de julho), em todo o pa\u00eds, vem recebendo apoio internacional demonstrando que a luta da categoria por melhores condi\u00e7\u00f5es de trabalho e remunera\u00e7\u00e3o \u00e9 mundial e regulamenta\u00e7\u00e3o da profiss\u00e3o \u00e9 um dos grandes desafios dos trabalhadores. \u00a0 A categoria tem consci\u00eancia da [&hellip;]<\/p>\n","protected":false},"author":2,"featured_media":9166,"comment_status":"","ping_status":"","sticky":false,"template":"","format":"standard","meta":{"footnotes":""},"categories":[3],"tags":[],"class_list":["post-9167","post","type-post","status-publish","format-standard","has-post-thumbnail","hentry","category-noticias"],"_links":{"self":[{"href":"https:\/\/hostnetart.com.br\/baixada\/wp-json\/wp\/v2\/posts\/9167","targetHints":{"allow":["GET"]}}],"collection":[{"href":"https:\/\/hostnetart.com.br\/baixada\/wp-json\/wp\/v2\/posts"}],"about":[{"href":"https:\/\/hostnetart.com.br\/baixada\/wp-json\/wp\/v2\/types\/post"}],"author":[{"embeddable":true,"href":"https:\/\/hostnetart.com.br\/baixada\/wp-json\/wp\/v2\/users\/2"}],"replies":[{"embeddable":true,"href":"https:\/\/hostnetart.com.br\/baixada\/wp-json\/wp\/v2\/comments?post=9167"}],"version-history":[{"count":0,"href":"https:\/\/hostnetart.com.br\/baixada\/wp-json\/wp\/v2\/posts\/9167\/revisions"}],"wp:featuredmedia":[{"embeddable":true,"href":"https:\/\/hostnetart.com.br\/baixada\/wp-json\/wp\/v2\/media\/9166"}],"wp:attachment":[{"href":"https:\/\/hostnetart.com.br\/baixada\/wp-json\/wp\/v2\/media?parent=9167"}],"wp:term":[{"taxonomy":"category","embeddable":true,"href":"https:\/\/hostnetart.com.br\/baixada\/wp-json\/wp\/v2\/categories?post=9167"},{"taxonomy":"post_tag","embeddable":true,"href":"https:\/\/hostnetart.com.br\/baixada\/wp-json\/wp\/v2\/tags?post=9167"}],"curies":[{"name":"wp","href":"https:\/\/api.w.org\/{rel}","templated":true}]}}