{"id":9165,"date":"2020-07-01T19:02:27","date_gmt":"2020-07-01T22:02:27","guid":{"rendered":"https:\/\/hostnetart.com.br\/baixada\/auxilio-emergencial-e-prorrogado-por-mais-dois-meses\/"},"modified":"2020-07-01T19:02:27","modified_gmt":"2020-07-01T22:02:27","slug":"auxilio-emergencial-e-prorrogado-por-mais-dois-meses","status":"publish","type":"post","link":"https:\/\/hostnetart.com.br\/baixada\/auxilio-emergencial-e-prorrogado-por-mais-dois-meses\/","title":{"rendered":"Aux\u00edlio emergencial \u00e9 prorrogado por mais dois meses"},"content":{"rendered":"<p>O governo federal prorrogou por mais dois meses o pagamento do aux\u00edlio emergencial. O decreto que estabelece a medida foi publicado na edi\u00e7\u00e3o de hoje do Di\u00e1rio Oficial da Uni\u00e3o. Em cerim\u00f4nia no Pal\u00e1cio do Planalto, o ministro da Economia, Paulo Guedes, disse que o aux\u00edlio ter\u00e1 mais duas parcelas de R$ 600.<\/p>\n<p>O an\u00fancio da extens\u00e3o, no entanto, foi marcado por falhas de comunica\u00e7\u00e3o e d\u00favidas em rela\u00e7\u00e3o a como vai funcionar o pagamento. Guedes afirmou que R$ 600 da parcela poder\u00e3o ser divididos em mais de um pagamento no mesmo m\u00eas. O decreto n\u00e3o especifica qual ser\u00e1 a f\u00f3rmula de pagamento.<\/p>\n<p>O presidente da Caixa, Pedro Guimar\u00e3es, afirmou que quem j\u00e1 pediu o aux\u00edlio emergencial de R$ 600 e est\u00e1 recebendo n\u00e3o precisa fazer nada para ganhar as duas parcelas adicionais. Guimar\u00e3es afirmou que j\u00e1 tem o calend\u00e1rio do pagamento das pr\u00f3ximas duas parcelas do aux\u00edlio emergencial, mas que o formato do pagamento ainda vai ser definido nos pr\u00f3ximos dias.<\/p>\n<p>O secret\u00e1rio de Finan\u00e7as da Confedera\u00e7\u00e3o Nacional dos Trabalhadores do Ramo Financeiro e presidente da Federa\u00e7\u00e3o Nacional das Associa\u00e7\u00f5es do Pessoal da Caixa Econ\u00f4mica Federal (Fenae), S\u00e9rgio Takemoto, defende a continuidade do aux\u00edlio emergencial at\u00e9 o fim da pandemia sem diminui\u00e7\u00e3o do valor.<\/p>\n<p>\u201cN\u00f3s n\u00e3o podemos permitir nesse momento de crise que o governo suspenda esse aux\u00edlio ou que fa\u00e7a uma redu\u00e7\u00e3o no valor das parcelas. Estamos juntos com todos os movimentos sociais, sindicais, defendendo a manuten\u00e7\u00e3o dos R$ 600 at\u00e9 o fim da pandemia para que a popula\u00e7\u00e3o possa sobreviver nesse momento\u201d, afirmou Takemoto.<\/p>\n<p>A secret\u00e1ria da Cultura e representante da Contraf -CUT nas negocia\u00e7\u00f5es com a Caixa, Fabiana Uehara, defende a contrata\u00e7\u00e3o de mais empregados para efetuar o pagamento. \u201cA prorroga\u00e7\u00e3o \u00e9 fundamental para a popula\u00e7\u00e3o neste momento. Mas, de maneira geral, reivindicamos que a Caixa resguarde a sa\u00fade dos trabalhadores e forne\u00e7a sistemas que funcionem\u201d. Fabiana criticou o aplicativo Caixa Tem que vem apresentando instabilidades e dificultando o acesso para a popula\u00e7\u00e3o.<\/p>\n<p><strong>Fonte: Contraf-CUT<\/strong><\/p>\n","protected":false},"excerpt":{"rendered":"<p>O governo federal prorrogou por mais dois meses o pagamento do aux\u00edlio emergencial. O decreto que estabelece a medida foi publicado na edi\u00e7\u00e3o de hoje do Di\u00e1rio Oficial da Uni\u00e3o. Em cerim\u00f4nia no Pal\u00e1cio do Planalto, o ministro da Economia, Paulo Guedes, disse que o aux\u00edlio ter\u00e1 mais duas parcelas de R$ 600. O an\u00fancio [&hellip;]<\/p>\n","protected":false},"author":2,"featured_media":9164,"comment_status":"","ping_status":"","sticky":false,"template":"","format":"standard","meta":{"footnotes":""},"categories":[3],"tags":[],"class_list":["post-9165","post","type-post","status-publish","format-standard","has-post-thumbnail","hentry","category-noticias"],"_links":{"self":[{"href":"https:\/\/hostnetart.com.br\/baixada\/wp-json\/wp\/v2\/posts\/9165","targetHints":{"allow":["GET"]}}],"collection":[{"href":"https:\/\/hostnetart.com.br\/baixada\/wp-json\/wp\/v2\/posts"}],"about":[{"href":"https:\/\/hostnetart.com.br\/baixada\/wp-json\/wp\/v2\/types\/post"}],"author":[{"embeddable":true,"href":"https:\/\/hostnetart.com.br\/baixada\/wp-json\/wp\/v2\/users\/2"}],"replies":[{"embeddable":true,"href":"https:\/\/hostnetart.com.br\/baixada\/wp-json\/wp\/v2\/comments?post=9165"}],"version-history":[{"count":0,"href":"https:\/\/hostnetart.com.br\/baixada\/wp-json\/wp\/v2\/posts\/9165\/revisions"}],"wp:featuredmedia":[{"embeddable":true,"href":"https:\/\/hostnetart.com.br\/baixada\/wp-json\/wp\/v2\/media\/9164"}],"wp:attachment":[{"href":"https:\/\/hostnetart.com.br\/baixada\/wp-json\/wp\/v2\/media?parent=9165"}],"wp:term":[{"taxonomy":"category","embeddable":true,"href":"https:\/\/hostnetart.com.br\/baixada\/wp-json\/wp\/v2\/categories?post=9165"},{"taxonomy":"post_tag","embeddable":true,"href":"https:\/\/hostnetart.com.br\/baixada\/wp-json\/wp\/v2\/tags?post=9165"}],"curies":[{"name":"wp","href":"https:\/\/api.w.org\/{rel}","templated":true}]}}