{"id":9163,"date":"2020-07-01T13:47:13","date_gmt":"2020-07-01T16:47:13","guid":{"rendered":"https:\/\/hostnetart.com.br\/baixada\/fenaban-nao-aceita-debater-testes-para-covid-19-na-justica\/"},"modified":"2020-07-01T13:47:13","modified_gmt":"2020-07-01T16:47:13","slug":"fenaban-nao-aceita-debater-testes-para-covid-19-na-justica","status":"publish","type":"post","link":"https:\/\/hostnetart.com.br\/baixada\/fenaban-nao-aceita-debater-testes-para-covid-19-na-justica\/","title":{"rendered":"Fenaban n\u00e3o aceita debater testes para Covid-19 na Justi\u00e7a"},"content":{"rendered":"<p>Em reuni\u00e3o realizada na tarde desta ter\u00e7a-feira (30) entre o Comando Nacional dos Banc\u00e1rios e a Federa\u00e7\u00e3o Nacional dos Bancos (Fenaban) os bancos se recusaram a discutir a realiza\u00e7\u00e3o de exames de Covid-19 em todos os banc\u00e1rios do Brasil com base na\u00a0<a href=\"https:\/\/contrafcut.com.br\/noticias\/comando-nacional-e-fenaban-debatem-exames-para-todos-os-bancarios-do-brasil\/\" target=\"_blank\" rel=\"noopener noreferrer\">decis\u00e3o da Se\u00e7\u00e3o Especializada de Diss\u00eddios Coletivos do Tribunal \u00e0 A\u00e7\u00e3o Civil P\u00fablica<\/a>, que concedeu liminar ao Sindicato dos Banc\u00e1rios de Guaratinguet\u00e1 determinando a realiza\u00e7\u00e3o dos testes. Os bancos, por\u00e9m, aceitam debater a demanda pelos exames feita pelo Comando dos Banc\u00e1rios em mesa de negocia\u00e7\u00f5es. Os bancos ficaram de dar a reposta ao Comando em at\u00e9 24h.<\/p>\n<p>\u201cNos surpreendemos com a postura da Fenaban. Nossas demandas apresentadas em mesa s\u00e3o anteriores \u00e0 judicializa\u00e7\u00e3o do tema e n\u00e3o temos como aceitar tal justificativa. Por isso, insistimos na cobran\u00e7a da resposta dos bancos, que aceitaram voltar \u00e0 mesa de negocia\u00e7\u00f5es a partir de nossa demanda\u201d, explicou a presidenta da Confedera\u00e7\u00e3o Nacional dos Trabalhadores do Ramo Financeiro (Contraf-CUT), Juvandia Moreira, que \u00e9 uma das coordenadoras do Comando Nacional dos Banc\u00e1rios.<\/p>\n<h3>Cl\u00e1usula 29 da CCT<\/h3>\n<p>O Comando Nacional dos Banc\u00e1rios voltou a cobrar o\u00a0<a href=\"https:\/\/contrafcut.com.br\/noticias\/comando-nacional-dos-bancarios-reivindica-cumprimento-da-cct-durante-a-pandemia\/\" target=\"_blank\" rel=\"noopener noreferrer\">cumprimento da cl\u00e1usula 29<\/a>\u00a0da Conven\u00e7\u00e3o Coletiva de Trabalho (CCT) da categoria, que est\u00e1 sendo descumprida pelos bancos Santander e Bradesco. A Fenaban n\u00e3o respondeu essa demanda, alegando que estava focada no assunto do teste.<\/p>\n<p>A cl\u00e1usula 29 da CCT dos banc\u00e1rios trata da complementa\u00e7\u00e3o de aux\u00edlio doen\u00e7a previdenci\u00e1rio, surgidos ap\u00f3s altera\u00e7\u00f5es nas regras da concess\u00e3o de benef\u00edcios previdenci\u00e1rios \u2013conforme a<a href=\"http:\/\/www.in.gov.br\/en\/web\/dou\/-\/lei-n-13.982-de-2-de-abril-de-2020-250915958\" target=\"_blank\" rel=\"noopener noreferrer\">\u00a0lei 13.982<\/a>\u2013 que garante somente o direito a uma antecipa\u00e7\u00e3o do aux\u00edlio doen\u00e7a no valor de um sal\u00e1rio m\u00ednimo mensal por tr\u00eas meses (1.045,00), durante a pandemia.<\/p>\n<p>\u201cN\u00f3s j\u00e1 hav\u00edamos colocado urg\u00eancia desta pauta. Banc\u00e1rios est\u00e3o passando necessidades devido ao n\u00e3o cumprimento desta cl\u00e1usula por estes dois bancos. Deixamos claro que eles t\u00eam que responder isso rapidamente, se n\u00e3o os banc\u00e1rios e os sindicatos ficar\u00e3o livres para cobrar o cumprimento da conven\u00e7\u00e3o coletiva, inclusive na Justi\u00e7a\u201d, disse Juvandia.<\/p>\n<p>\u201cA cl\u00e1usula imp\u00f5e aos benef\u00edcios complementares o valor j\u00e1 recebido do INSS, como tamb\u00e9m adiantar o aux\u00edlio-doen\u00e7a enquanto este n\u00e3o \u00e9 pago pela previd\u00eancia\u201d, afirmou Mauro Salles, secret\u00e1rio de Sa\u00fade da Confedera\u00e7\u00e3o Nacional dos Trabalhadores do Ramo Financeiro (Contraf-CUT).<\/p>\n<p>Para o dirigente da Contraf-CUT, o esp\u00edrito da cl\u00e1usula \u00e9 inequ\u00edvoco: a inten\u00e7\u00e3o de assegurar a irredutibilidade dos sal\u00e1rios em momento de incapacidade laborativa, justamente quando se encontra em condi\u00e7\u00e3o de vulnerabilidade. \u201cCom a Covid-19, aumenta a necessidade dessas garantias, pois muitos banc\u00e1rios est\u00e3o sendo acometidos pela doen\u00e7a e precisam dessa tranquilidade de n\u00e3o perder renda\u201d, disse.<\/p>\n<p>A Fenaban ficou de dar um retorno sobre as reivindica\u00e7\u00f5es do Comando em at\u00e9 24 horas.<\/p>\n<p><strong>Fonte: Contraf-CUT<\/strong><\/p>\n","protected":false},"excerpt":{"rendered":"<p>Em reuni\u00e3o realizada na tarde desta ter\u00e7a-feira (30) entre o Comando Nacional dos Banc\u00e1rios e a Federa\u00e7\u00e3o Nacional dos Bancos (Fenaban) os bancos se recusaram a discutir a realiza\u00e7\u00e3o de exames de Covid-19 em todos os banc\u00e1rios do Brasil com base na\u00a0decis\u00e3o da Se\u00e7\u00e3o Especializada de Diss\u00eddios Coletivos do Tribunal \u00e0 A\u00e7\u00e3o Civil P\u00fablica, que [&hellip;]<\/p>\n","protected":false},"author":2,"featured_media":9162,"comment_status":"","ping_status":"","sticky":false,"template":"","format":"standard","meta":{"footnotes":""},"categories":[3],"tags":[],"class_list":["post-9163","post","type-post","status-publish","format-standard","has-post-thumbnail","hentry","category-noticias"],"_links":{"self":[{"href":"https:\/\/hostnetart.com.br\/baixada\/wp-json\/wp\/v2\/posts\/9163","targetHints":{"allow":["GET"]}}],"collection":[{"href":"https:\/\/hostnetart.com.br\/baixada\/wp-json\/wp\/v2\/posts"}],"about":[{"href":"https:\/\/hostnetart.com.br\/baixada\/wp-json\/wp\/v2\/types\/post"}],"author":[{"embeddable":true,"href":"https:\/\/hostnetart.com.br\/baixada\/wp-json\/wp\/v2\/users\/2"}],"replies":[{"embeddable":true,"href":"https:\/\/hostnetart.com.br\/baixada\/wp-json\/wp\/v2\/comments?post=9163"}],"version-history":[{"count":0,"href":"https:\/\/hostnetart.com.br\/baixada\/wp-json\/wp\/v2\/posts\/9163\/revisions"}],"wp:featuredmedia":[{"embeddable":true,"href":"https:\/\/hostnetart.com.br\/baixada\/wp-json\/wp\/v2\/media\/9162"}],"wp:attachment":[{"href":"https:\/\/hostnetart.com.br\/baixada\/wp-json\/wp\/v2\/media?parent=9163"}],"wp:term":[{"taxonomy":"category","embeddable":true,"href":"https:\/\/hostnetart.com.br\/baixada\/wp-json\/wp\/v2\/categories?post=9163"},{"taxonomy":"post_tag","embeddable":true,"href":"https:\/\/hostnetart.com.br\/baixada\/wp-json\/wp\/v2\/tags?post=9163"}],"curies":[{"name":"wp","href":"https:\/\/api.w.org\/{rel}","templated":true}]}}