{"id":9161,"date":"2020-07-01T13:41:35","date_gmt":"2020-07-01T16:41:35","guid":{"rendered":"https:\/\/hostnetart.com.br\/baixada\/mesmo-com-cobranca-dos-empregados-caixa-nao-se-pronuncia-sobre-prorrogacao-do-projeto-remoto\/"},"modified":"2020-07-01T13:41:35","modified_gmt":"2020-07-01T16:41:35","slug":"mesmo-com-cobranca-dos-empregados-caixa-nao-se-pronuncia-sobre-prorrogacao-do-projeto-remoto","status":"publish","type":"post","link":"https:\/\/hostnetart.com.br\/baixada\/mesmo-com-cobranca-dos-empregados-caixa-nao-se-pronuncia-sobre-prorrogacao-do-projeto-remoto\/","title":{"rendered":"Mesmo com cobran\u00e7a dos empregados, Caixa n\u00e3o se pronuncia sobre prorroga\u00e7\u00e3o do Projeto Remoto"},"content":{"rendered":"<p>Mesmo com a\u00a0<a href=\"https:\/\/contrafcut.com.br\/noticias\/contraf-cut-volta-a-cobrar-manutencao-do-projeto-remoto-na-caixa\/\" target=\"_blank\" rel=\"noopener noreferrer\">cobran\u00e7a feita pela Confedera\u00e7\u00e3o Nacional dos Trabalhadores do Ramo Financeiro (Contraf-CUT), assessorada pela Comiss\u00e3o Executiva dos Empregados da Caixa (CEE\/Caixa)<\/a>, a Caixa Econ\u00f4mica Federal ainda n\u00e3o se pronunciou sobre a prorroga\u00e7\u00e3o do\u00a0<a href=\"https:\/\/contrafcut.com.br\/noticias\/depois-de-cobranca-da-contraf-cut-caixa-anuncia-prorrogacao-de-projeto-remoto\/\" target=\"_blank\" rel=\"noopener noreferrer\">Projeto Remoto, que acaba nesta ter\u00e7a-feira (30)<\/a>.<\/p>\n<p>\u201c\u00c9 muita irresponsabilidade e desrespeito a Caixa sempre deixar para o \u00faltimo dia o an\u00fancio. A falta de manifesta\u00e7\u00e3o at\u00e9 o \u00faltimo momento gera inseguran\u00e7a aos empregados que est\u00e3o trabalhando em casa e n\u00e3o querem se arriscar tendo que voltar ao trabalho sem que o n\u00famero de contamina\u00e7\u00e3o e mortes pela Covid-19 caia consideravelmente\u201d, disse Fabiana Uehara Proscholdt, secret\u00e1ria da Cultura e representante da Contraf-CUT nas negocia\u00e7\u00f5es com a Caixa. \u201cNossa reivindica\u00e7\u00e3o \u00e9 que a prorroga\u00e7\u00e3o aconte\u00e7a at\u00e9 o final da pandemia.\u201d<\/p>\n<p>O \u201cProjeto Remoto\u201d \u00e9 um dos principais itens do protocolo de atua\u00e7\u00e3o de gestores e empregados. A medida, constru\u00edda em conjunto com as entidades e o movimento sindical, \u00e9 essencial para promover a sa\u00fade e defender a vida dos empregados e da popula\u00e7\u00e3o durante a pandemia.<\/p>\n<p><strong>Fonte: Contraf-CUT<\/strong><\/p>\n","protected":false},"excerpt":{"rendered":"<p>Mesmo com a\u00a0cobran\u00e7a feita pela Confedera\u00e7\u00e3o Nacional dos Trabalhadores do Ramo Financeiro (Contraf-CUT), assessorada pela Comiss\u00e3o Executiva dos Empregados da Caixa (CEE\/Caixa), a Caixa Econ\u00f4mica Federal ainda n\u00e3o se pronunciou sobre a prorroga\u00e7\u00e3o do\u00a0Projeto Remoto, que acaba nesta ter\u00e7a-feira (30). \u201c\u00c9 muita irresponsabilidade e desrespeito a Caixa sempre deixar para o \u00faltimo dia o an\u00fancio. [&hellip;]<\/p>\n","protected":false},"author":2,"featured_media":9160,"comment_status":"","ping_status":"","sticky":false,"template":"","format":"standard","meta":{"footnotes":""},"categories":[3],"tags":[],"class_list":["post-9161","post","type-post","status-publish","format-standard","has-post-thumbnail","hentry","category-noticias"],"_links":{"self":[{"href":"https:\/\/hostnetart.com.br\/baixada\/wp-json\/wp\/v2\/posts\/9161","targetHints":{"allow":["GET"]}}],"collection":[{"href":"https:\/\/hostnetart.com.br\/baixada\/wp-json\/wp\/v2\/posts"}],"about":[{"href":"https:\/\/hostnetart.com.br\/baixada\/wp-json\/wp\/v2\/types\/post"}],"author":[{"embeddable":true,"href":"https:\/\/hostnetart.com.br\/baixada\/wp-json\/wp\/v2\/users\/2"}],"replies":[{"embeddable":true,"href":"https:\/\/hostnetart.com.br\/baixada\/wp-json\/wp\/v2\/comments?post=9161"}],"version-history":[{"count":0,"href":"https:\/\/hostnetart.com.br\/baixada\/wp-json\/wp\/v2\/posts\/9161\/revisions"}],"wp:featuredmedia":[{"embeddable":true,"href":"https:\/\/hostnetart.com.br\/baixada\/wp-json\/wp\/v2\/media\/9160"}],"wp:attachment":[{"href":"https:\/\/hostnetart.com.br\/baixada\/wp-json\/wp\/v2\/media?parent=9161"}],"wp:term":[{"taxonomy":"category","embeddable":true,"href":"https:\/\/hostnetart.com.br\/baixada\/wp-json\/wp\/v2\/categories?post=9161"},{"taxonomy":"post_tag","embeddable":true,"href":"https:\/\/hostnetart.com.br\/baixada\/wp-json\/wp\/v2\/tags?post=9161"}],"curies":[{"name":"wp","href":"https:\/\/api.w.org\/{rel}","templated":true}]}}