{"id":9159,"date":"2020-06-30T13:10:54","date_gmt":"2020-06-30T16:10:54","guid":{"rendered":"https:\/\/hostnetart.com.br\/baixada\/home-office-pesquisa-vai-apurar-opiniao-e-condicoes-de-trabalho-dos-bancarios\/"},"modified":"2020-06-30T13:10:54","modified_gmt":"2020-06-30T16:10:54","slug":"home-office-pesquisa-vai-apurar-opiniao-e-condicoes-de-trabalho-dos-bancarios","status":"publish","type":"post","link":"https:\/\/hostnetart.com.br\/baixada\/home-office-pesquisa-vai-apurar-opiniao-e-condicoes-de-trabalho-dos-bancarios\/","title":{"rendered":"Home office: Pesquisa vai apurar opini\u00e3o e condi\u00e7\u00f5es de trabalho dos banc\u00e1rios"},"content":{"rendered":"<p>Sindicatos de banc\u00e1rios de todo o pa\u00eds iniciam no dia 1\u00ba de julho uma pesquisa para saber a opini\u00e3o e apurar informa\u00e7\u00f5es sobre as condi\u00e7\u00f5es de trabalho em home office da categoria. A decis\u00e3o foi tomada na reuni\u00e3o do Comando Nacional dos Banc\u00e1rios, realizada nesta segunda-feira (29), por videoconfer\u00eancia.<\/p>\n<p>\u201cNossa inten\u00e7\u00e3o \u00e9 a de termos informa\u00e7\u00f5es sobre as prefer\u00eancias da categoria e a realidade do trabalho em home office para o caso de termos que realizar qualquer tipo de negocia\u00e7\u00e3o sobre o teletrabalho durante nossa Campanha Nacional\u201d, explicou a presidenta da Confedera\u00e7\u00e3o Nacional dos Trabalhadores do Ramo Financeiro (Contraf-CUT), Juvandia Moreira, que \u00e9 uma das coordenadoras do Comando Nacional dos Banc\u00e1rios.<\/p>\n<p>\u201cNossas a\u00e7\u00f5es s\u00e3o baseadas naquilo que a categoria define como prioridade, mas tamb\u00e9m na garantia dos direitos dos trabalhadores, como a manuten\u00e7\u00e3o da sa\u00fade e das boas condi\u00e7\u00f5es de trabalho. Por isso essa pesquisa \u00e9 t\u00e3o importante\u201d, completou Juvandia.<\/p>\n<p>Os banc\u00e1rios responder\u00e3o eletronicamente a um question\u00e1rio elaborado pelo Departamento Intersindical de Estat\u00edstica e Estudos Socioecon\u00f4micos (Dieese), que analisar\u00e1 os dados e apresentar\u00e1 os resultados durante a 22\u00aa Confer\u00eancia Nacional dos Banc\u00e1rios, que ser\u00e1 realizada nos dias 17 e 18 de julho, por videoconfer\u00eancia, como forma de embasar o debate sobre a minuta de reivindica\u00e7\u00f5es para a Campanha Nacional da categoria.<\/p>\n<p><strong>Fonte: Contraf-CUT<\/strong><\/p>\n","protected":false},"excerpt":{"rendered":"<p>Sindicatos de banc\u00e1rios de todo o pa\u00eds iniciam no dia 1\u00ba de julho uma pesquisa para saber a opini\u00e3o e apurar informa\u00e7\u00f5es sobre as condi\u00e7\u00f5es de trabalho em home office da categoria. A decis\u00e3o foi tomada na reuni\u00e3o do Comando Nacional dos Banc\u00e1rios, realizada nesta segunda-feira (29), por videoconfer\u00eancia. \u201cNossa inten\u00e7\u00e3o \u00e9 a de termos [&hellip;]<\/p>\n","protected":false},"author":2,"featured_media":9158,"comment_status":"","ping_status":"","sticky":false,"template":"","format":"standard","meta":{"footnotes":""},"categories":[3],"tags":[],"class_list":["post-9159","post","type-post","status-publish","format-standard","has-post-thumbnail","hentry","category-noticias"],"_links":{"self":[{"href":"https:\/\/hostnetart.com.br\/baixada\/wp-json\/wp\/v2\/posts\/9159","targetHints":{"allow":["GET"]}}],"collection":[{"href":"https:\/\/hostnetart.com.br\/baixada\/wp-json\/wp\/v2\/posts"}],"about":[{"href":"https:\/\/hostnetart.com.br\/baixada\/wp-json\/wp\/v2\/types\/post"}],"author":[{"embeddable":true,"href":"https:\/\/hostnetart.com.br\/baixada\/wp-json\/wp\/v2\/users\/2"}],"replies":[{"embeddable":true,"href":"https:\/\/hostnetart.com.br\/baixada\/wp-json\/wp\/v2\/comments?post=9159"}],"version-history":[{"count":0,"href":"https:\/\/hostnetart.com.br\/baixada\/wp-json\/wp\/v2\/posts\/9159\/revisions"}],"wp:featuredmedia":[{"embeddable":true,"href":"https:\/\/hostnetart.com.br\/baixada\/wp-json\/wp\/v2\/media\/9158"}],"wp:attachment":[{"href":"https:\/\/hostnetart.com.br\/baixada\/wp-json\/wp\/v2\/media?parent=9159"}],"wp:term":[{"taxonomy":"category","embeddable":true,"href":"https:\/\/hostnetart.com.br\/baixada\/wp-json\/wp\/v2\/categories?post=9159"},{"taxonomy":"post_tag","embeddable":true,"href":"https:\/\/hostnetart.com.br\/baixada\/wp-json\/wp\/v2\/tags?post=9159"}],"curies":[{"name":"wp","href":"https:\/\/api.w.org\/{rel}","templated":true}]}}