{"id":9157,"date":"2020-06-30T03:21:27","date_gmt":"2020-06-30T06:21:27","guid":{"rendered":"https:\/\/hostnetart.com.br\/baixada\/uni-americas-financas-debate-sobre-a-defesa-dos-bancos-publicos-em-live\/"},"modified":"2020-06-30T03:21:27","modified_gmt":"2020-06-30T06:21:27","slug":"uni-americas-financas-debate-sobre-a-defesa-dos-bancos-publicos-em-live","status":"publish","type":"post","link":"https:\/\/hostnetart.com.br\/baixada\/uni-americas-financas-debate-sobre-a-defesa-dos-bancos-publicos-em-live\/","title":{"rendered":"Uni Am\u00e9ricas Finan\u00e7as debate sobre a defesa dos bancos p\u00fablicos em live"},"content":{"rendered":"<p>A UNI Am\u00e9ricas Finan\u00e7as realiza nesta quinta-feira (2), \u00e0s 18h, a transmiss\u00e3o ao vivo \u201cSindicalismo Latinoamericano defende o banco p\u00fablico agora e no futuro\u201d. \u00a0O evento conta com a participa\u00e7\u00e3o do Secret\u00e1rio Regional da Uni Am\u00e9ricas, Marcio Monzane, do Secret\u00e1rio Geral da Confedera\u00e7\u00e3o Banc\u00e1ria do Chile, Luis Mesina Marin, do representante do Congresso Nacional La Banc\u00e1ria, Xavier Lambruschino, do presidente da Associa\u00e7\u00e3o Nacional dos Empregados do Banco Nacional da Col\u00f4mbia, Jaime Martinez e do Coordenador da Comiss\u00e3o Executiva dos Empregados da Caixa (CEE-Caixa), Dionisio Reis.<\/p>\n<p>\u201cA Alian\u00e7a Latino Americana em defesa dos bancos p\u00fablicos tem mobilizado os sindicatos e trabalhadores da Am\u00e9rica Latina em defesa dessa bandeira t\u00e3o importante para o desenvolvimento dos pa\u00edses da regi\u00e3o, juntando informa\u00e7\u00f5es importantes sobre os bancos e a conjuntura que vivemos desde 2015 at\u00e9 hoje e tamb\u00e9m discutindo formas de enfrentamento na defesa desses bancos e dos banc\u00e1rios\u201d, afirmou Dionisio Reis.<\/p>\n<p><strong>Fonte: Contraf-CUT<\/strong><\/p>\n","protected":false},"excerpt":{"rendered":"<p>A UNI Am\u00e9ricas Finan\u00e7as realiza nesta quinta-feira (2), \u00e0s 18h, a transmiss\u00e3o ao vivo \u201cSindicalismo Latinoamericano defende o banco p\u00fablico agora e no futuro\u201d. \u00a0O evento conta com a participa\u00e7\u00e3o do Secret\u00e1rio Regional da Uni Am\u00e9ricas, Marcio Monzane, do Secret\u00e1rio Geral da Confedera\u00e7\u00e3o Banc\u00e1ria do Chile, Luis Mesina Marin, do representante do Congresso Nacional La [&hellip;]<\/p>\n","protected":false},"author":2,"featured_media":9156,"comment_status":"","ping_status":"","sticky":false,"template":"","format":"standard","meta":{"footnotes":""},"categories":[3],"tags":[],"class_list":["post-9157","post","type-post","status-publish","format-standard","has-post-thumbnail","hentry","category-noticias"],"_links":{"self":[{"href":"https:\/\/hostnetart.com.br\/baixada\/wp-json\/wp\/v2\/posts\/9157","targetHints":{"allow":["GET"]}}],"collection":[{"href":"https:\/\/hostnetart.com.br\/baixada\/wp-json\/wp\/v2\/posts"}],"about":[{"href":"https:\/\/hostnetart.com.br\/baixada\/wp-json\/wp\/v2\/types\/post"}],"author":[{"embeddable":true,"href":"https:\/\/hostnetart.com.br\/baixada\/wp-json\/wp\/v2\/users\/2"}],"replies":[{"embeddable":true,"href":"https:\/\/hostnetart.com.br\/baixada\/wp-json\/wp\/v2\/comments?post=9157"}],"version-history":[{"count":0,"href":"https:\/\/hostnetart.com.br\/baixada\/wp-json\/wp\/v2\/posts\/9157\/revisions"}],"wp:featuredmedia":[{"embeddable":true,"href":"https:\/\/hostnetart.com.br\/baixada\/wp-json\/wp\/v2\/media\/9156"}],"wp:attachment":[{"href":"https:\/\/hostnetart.com.br\/baixada\/wp-json\/wp\/v2\/media?parent=9157"}],"wp:term":[{"taxonomy":"category","embeddable":true,"href":"https:\/\/hostnetart.com.br\/baixada\/wp-json\/wp\/v2\/categories?post=9157"},{"taxonomy":"post_tag","embeddable":true,"href":"https:\/\/hostnetart.com.br\/baixada\/wp-json\/wp\/v2\/tags?post=9157"}],"curies":[{"name":"wp","href":"https:\/\/api.w.org\/{rel}","templated":true}]}}